{"id":220491,"date":"2026-06-14T11:19:26","date_gmt":"2026-06-14T17:19:26","guid":{"rendered":"https:\/\/nvnoticias.mx\/?p=220491"},"modified":"2026-06-14T11:19:35","modified_gmt":"2026-06-14T17:19:35","slug":"eu-carece-de-interes-real-para-entregar-a-cuba-la-ayuda-de-100-mdd-canciller-rodriguez","status":"publish","type":"post","link":"https:\/\/nvnoticias.mx\/index.php\/2026\/06\/14\/eu-carece-de-interes-real-para-entregar-a-cuba-la-ayuda-de-100-mdd-canciller-rodriguez\/","title":{"rendered":"EU carece de \u201cinter\u00e9s real\u201d para entregar a Cuba la ayuda de 100 mdd: canciller Rodr\u00edguez"},"content":{"rendered":"\n<p class=\"wp-block-paragraph\">\u201cEl secretario de Estado y su departamento carecen de inter\u00e9s real en concretar esas ayudas en el corto plazo. Tanta mentira y demora s\u00f3lo demuestran el marcado car\u00e1cter propagand\u00edstico de esos anuncios. \u00bfAcaso no ser\u00eda m\u00e1s humanitario levantar el ilegal cerco energ\u00e9tico?\u201d, denunci\u00f3 Rodr\u00edguez en redes sociales.<\/p>\n\n\n\n<p class=\"wp-block-paragraph\">Tambi\u00e9n record\u00f3 que tom\u00f3 m\u00e1s de seis meses concluir el env\u00edo total de la primera ayuda anunciada por Washington, valorada en 3 millones de d\u00f3lares. Despu\u00e9s, detall\u00f3 el canciller, demoraron cerca de cuatro meses en enviar una parte de los 6 millones de d\u00f3lares anunciados.<\/p>\n\n\n\n<p class=\"wp-block-paragraph\">\u201c\u00bfCu\u00e1nto podr\u00eda tomarles concretar la de 100 millones de d\u00f3lares? \u00bfQu\u00e9 pueden significar 100 millones, cuando su bloqueo econ\u00f3mico y el cerco energ\u00e9tico provocan afectaciones anuales de m\u00e1s de 5 mil millones de d\u00f3lares?\u201d, remarc\u00f3.<\/p>\n\n\n\n<p class=\"wp-block-paragraph\">Adem\u00e1s, se\u00f1al\u00f3 que Rubio \u201cconfunde constantemente, con total intenci\u00f3n\u201d, las cifras y la respuesta de La Habana sobre los montos de ayuda anunciados por Washington desde noviembre de 2025.<\/p>\n\n\n\n<p class=\"wp-block-paragraph\">Fuente: La <a href=\"https:\/\/www.jornada.com.mx\/noticia\/2026\/06\/14\/mundo\/eu-carece-de-interes-real-para-entregar-a-cuba-la-ayuda-de-100-mdd-canciller-rodriguez\">Jornada<\/a> <\/p>\n","protected":false},"excerpt":{"rendered":"<p>\u201cEl secretario de Estado y su departamento carecen de inter\u00e9s real en concretar esas ayudas en el corto plazo. Tanta mentira y demora s\u00f3lo demuestran el marcado car\u00e1cter propagand\u00edstico de esos anuncios. \u00bfAcaso no ser\u00eda m\u00e1s humanitario levantar el ilegal cerco energ\u00e9tico?\u201d, denunci\u00f3 Rodr\u00edguez en redes sociales. Tambi\u00e9n record\u00f3 que tom\u00f3 m\u00e1s de seis meses [&hellip;]<\/p>\n","protected":false},"author":35,"featured_media":220493,"comment_status":"open","ping_status":"open","sticky":false,"template":"","format":"standard","meta":{"_monsterinsights_skip_tracking":false,"footnotes":""},"categories":[181],"tags":[2501,183],"class_list":["post-220491","post","type-post","status-publish","format-standard","has-post-thumbnail","hentry","category-internacional","tag-cuba","tag-estados-unidos","wp-image-borders"],"amp_enabled":true,"_links":{"self":[{"href":"https:\/\/nvnoticias.mx\/index.php\/wp-json\/wp\/v2\/posts\/220491","targetHints":{"allow":["GET"]}}],"collection":[{"href":"https:\/\/nvnoticias.mx\/index.php\/wp-json\/wp\/v2\/posts"}],"about":[{"href":"https:\/\/nvnoticias.mx\/index.php\/wp-json\/wp\/v2\/types\/post"}],"author":[{"embeddable":true,"href":"https:\/\/nvnoticias.mx\/index.php\/wp-json\/wp\/v2\/users\/35"}],"replies":[{"embeddable":true,"href":"https:\/\/nvnoticias.mx\/index.php\/wp-json\/wp\/v2\/comments?post=220491"}],"version-history":[{"count":4,"href":"https:\/\/nvnoticias.mx\/index.php\/wp-json\/wp\/v2\/posts\/220491\/revisions"}],"predecessor-version":[{"id":220496,"href":"https:\/\/nvnoticias.mx\/index.php\/wp-json\/wp\/v2\/posts\/220491\/revisions\/220496"}],"wp:featuredmedia":[{"embeddable":true,"href":"https:\/\/nvnoticias.mx\/index.php\/wp-json\/wp\/v2\/media\/220493"}],"wp:attachment":[{"href":"https:\/\/nvnoticias.mx\/index.php\/wp-json\/wp\/v2\/media?parent=220491"}],"wp:term":[{"taxonomy":"category","embeddable":true,"href":"https:\/\/nvnoticias.mx\/index.php\/wp-json\/wp\/v2\/categories?post=220491"},{"taxonomy":"post_tag","embeddable":true,"href":"https:\/\/nvnoticias.mx\/index.php\/wp-json\/wp\/v2\/tags?post=220491"}],"curies":[{"name":"wp","href":"https:\/\/api.w.org\/{rel}","templated":true}]}}