{"id":22039,"date":"2021-08-19T11:47:00","date_gmt":"2021-08-19T16:47:00","guid":{"rendered":"https:\/\/nvnoticias.mx\/?p=22039"},"modified":"2021-08-20T11:48:04","modified_gmt":"2021-08-20T16:48:04","slug":"aberrante-paridad-de-genero","status":"publish","type":"post","link":"https:\/\/nvnoticias.mx\/index.php\/2021\/08\/19\/aberrante-paridad-de-genero\/","title":{"rendered":"Aberrante paridad de g\u00e9nero"},"content":{"rendered":"\n<p><strong>Juan Jos\u00e9 Rodr\u00edguez Prats<\/strong><\/p>\n\n\n\n<blockquote class=\"wp-block-quote is-layout-flow wp-block-quote-is-layout-flow\"><p><em>La tercera ola del feminismo es victimista.<\/em><\/p><cite><strong>\u00a0\u00a0\u00a0\u00a0\u00a0\u00a0\u00a0\u00a0\u00a0\u00a0 Cayetana \u00c1lvarez de Toledo<\/strong><\/cite><\/blockquote>\n\n\n\n<p><\/p>\n\n\n\n<p>M\u00e9xico seguir\u00e1 hundi\u00e9ndose en tanto no se entienda para qu\u00e9 sirve el derecho (y m\u00e1s importante a\u00fan) para qu\u00e9 no sirve. Todo lo queremos hacer con leyes, con mandatos revestidos de coacci\u00f3n. Desde luego que democracia y Estado de derecho constituyen una unidad. Pero de eso a querer conformar una cultura s\u00f3lo con reformas legales, hay una gran brecha. En otras palabras, el sistema pol\u00edtico que anhelamos requiere de principios que se arraiguen consistentemente en la conciencia ciudadana. Martin Luther King dec\u00eda, cito de memoria: \u201cYo no quiero leyes que obliguen a los blancos a quererme, quiero leyes que eviten que me linchen\u201d.<\/p>\n\n\n\n<p>El derecho se hace con intenciones, muchas veces ni siquiera de buena fe. Los ordenamientos se deben evaluar y ponderar por sus resultados. Hay algunos claramente demag\u00f3gicos que aparentan soluciones sin siquiera rozar la realidad o a veces alcanzando fines totalmente contrarios a los que motivaron su creaci\u00f3n. Es el caso del derecho electoral que hemos venido reformando una y otra vez. Se hizo torpemente y con aviesos prop\u00f3sitos en tiempos de Enrique Pe\u00f1a Nieto al incluir la paridad de g\u00e9nero. Los efectos han deteriorado a las instituciones, incluso han degradado la participaci\u00f3n de la mujer. El Poder Legislativo (no es el \u00fanico caso) se ha convertido en un pastel a repartir y no una asamblea con capacidad para deliberar, que es su principal funci\u00f3n. Ni remotamente Layda Sansores, Evelyn Salgado o Marina \u00c1vila ser\u00e1n buenas gobernantes. Celebrar\u00eda equivocarme. Es lamentable que no haya ganado Claudia Anaya en el sufrido estado de Zacatecas y que se prolongue el nefasto cacicazgo de Ricardo Monreal.<\/p>\n\n\n\n<p>En las deliberaciones del INE se ha dicho: \u201cParidad no es equidad\u201d. Nuestro derecho electoral es un mazacote, as\u00ed lo han calificado analistas pol\u00edticos. El caso de las&nbsp;<em>juanitas&nbsp;<\/em>o las simulaciones en los ayuntamientos son el efecto de malas leyes en una naci\u00f3n con endeble (por decirlo eufem\u00edsticamente) cultura democr\u00e1tica.<\/p>\n\n\n\n<p>El art\u00edculo 25 de la Ley General de Partidos Pol\u00edticos se\u00f1ala que \u201cson obligaciones de los partidos pol\u00edticos (\u2026) garantizar en igualdad de condiciones la participaci\u00f3n de mujeres y hombres en sus \u00f3rganos internos de direcci\u00f3n y espacios de toma de decisiones\u201d.<\/p>\n\n\n\n<p>Podr\u00edamos repasar los grandes liderazgos de mujeres en distintas naciones en \u00e9pocas recientes. Ninguna de ellas plantea en sus discursos el feminismo como concepto identitario, que genera fragmentaci\u00f3n, exclusivismo y cierto sentimiento de revanchismo.<\/p>\n\n\n\n<p>Va una experiencia personal. Soy un pol\u00edtico proclive a la confrontaci\u00f3n. Las he tenido con los dirigentes de mi partido (PAN), destacadamente con el actual. En este mismo espacio lo he criticado. Aspiro a ser dirigente de nuestra organizaci\u00f3n pol\u00edtica en Tabasco. Sin embargo, se ha decidido, sin raz\u00f3n alguna y sin sustento jur\u00eddico, con dedicatoria, que la posici\u00f3n solamente puede ser disputada entre mujeres, sin que ninguna haya manifestado su deseo de postularse. Es el estado de L\u00f3pez Obrador, \u00fanica entidad en que el PAN carece de registro estatal por no alcanzar la m\u00ednima votaci\u00f3n. Fui su primer candidato a la gubernatura (1994), entre otros datos curriculares, pero se me niega el derecho a contender. La maniobra es clara. Con argumentos legaloides y la aberrante paridad de g\u00e9nero, se pretende eliminar a quienes no impulsamos el proyecto de reelecci\u00f3n de Marko Cort\u00e9s y se apoya a quienes se suman a su causa.<\/p>\n\n\n\n<p>El partido de G\u00f3mez Morin fue concebido desde su origen como un instrumento al servicio de la sociedad orientado por principios como la preeminencia del inter\u00e9s nacional. Hoy tiene una inmensa haza\u00f1a por realizar: detener el deterioro de la vida nacional. No vamos a lograrlo solapando la mediocridad y condescendiendo con la mezquindad. Hay que dar la pelea, la causa lo amerita.<\/p>\n","protected":false},"excerpt":{"rendered":"<p>Juan Jos\u00e9 Rodr\u00edguez Prats La tercera ola del feminismo es victimista. \u00a0\u00a0\u00a0\u00a0\u00a0\u00a0\u00a0\u00a0\u00a0\u00a0 Cayetana \u00c1lvarez de Toledo M\u00e9xico seguir\u00e1 hundi\u00e9ndose en tanto no se entienda para qu\u00e9 sirve el derecho (y m\u00e1s importante a\u00fan) para qu\u00e9 no sirve. Todo lo queremos hacer con leyes, con mandatos revestidos de coacci\u00f3n. Desde luego que democracia y Estado de [&hellip;]<\/p>\n","protected":false},"author":17,"featured_media":22041,"comment_status":"open","ping_status":"open","sticky":false,"template":"","format":"standard","meta":{"_monsterinsights_skip_tracking":false,"_monsterinsights_sitenote_active":false,"_monsterinsights_sitenote_note":"","_monsterinsights_sitenote_category":0,"footnotes":""},"categories":[614],"tags":[397],"class_list":["post-22039","post","type-post","status-publish","format-standard","has-post-thumbnail","hentry","category-politica-de-principios","tag-juan-jose-rodriguez-prats-2","wp-image-borders"],"amp_enabled":true,"_links":{"self":[{"href":"https:\/\/nvnoticias.mx\/index.php\/wp-json\/wp\/v2\/posts\/22039","targetHints":{"allow":["GET"]}}],"collection":[{"href":"https:\/\/nvnoticias.mx\/index.php\/wp-json\/wp\/v2\/posts"}],"about":[{"href":"https:\/\/nvnoticias.mx\/index.php\/wp-json\/wp\/v2\/types\/post"}],"author":[{"embeddable":true,"href":"https:\/\/nvnoticias.mx\/index.php\/wp-json\/wp\/v2\/users\/17"}],"replies":[{"embeddable":true,"href":"https:\/\/nvnoticias.mx\/index.php\/wp-json\/wp\/v2\/comments?post=22039"}],"version-history":[{"count":1,"href":"https:\/\/nvnoticias.mx\/index.php\/wp-json\/wp\/v2\/posts\/22039\/revisions"}],"predecessor-version":[{"id":22040,"href":"https:\/\/nvnoticias.mx\/index.php\/wp-json\/wp\/v2\/posts\/22039\/revisions\/22040"}],"wp:featuredmedia":[{"embeddable":true,"href":"https:\/\/nvnoticias.mx\/index.php\/wp-json\/wp\/v2\/media\/22041"}],"wp:attachment":[{"href":"https:\/\/nvnoticias.mx\/index.php\/wp-json\/wp\/v2\/media?parent=22039"}],"wp:term":[{"taxonomy":"category","embeddable":true,"href":"https:\/\/nvnoticias.mx\/index.php\/wp-json\/wp\/v2\/categories?post=22039"},{"taxonomy":"post_tag","embeddable":true,"href":"https:\/\/nvnoticias.mx\/index.php\/wp-json\/wp\/v2\/tags?post=22039"}],"curies":[{"name":"wp","href":"https:\/\/api.w.org\/{rel}","templated":true}]}}