{"id":21899,"date":"2021-08-19T13:03:29","date_gmt":"2021-08-19T18:03:29","guid":{"rendered":"https:\/\/nvnoticias.mx\/?p=21899"},"modified":"2021-08-19T13:03:31","modified_gmt":"2021-08-19T18:03:31","slug":"atiende-sev-escuelas-robadas-para-garantizar-el-regreso-a-clases","status":"publish","type":"post","link":"https:\/\/nvnoticias.mx\/index.php\/2021\/08\/19\/atiende-sev-escuelas-robadas-para-garantizar-el-regreso-a-clases\/","title":{"rendered":"Atiende SEV escuelas robadas para garantizar el regreso a clases"},"content":{"rendered":"\n<p><strong>Jes\u00fas Utrilla<\/strong>&nbsp;<strong>| NV Noticias<\/strong>&nbsp;<\/p>\n\n\n\n<p>Veracruz. &#8211;&nbsp;La Secretar\u00eda de Educaci\u00f3n de Veracruz atendi\u00f3 64 escuelas de 142&nbsp;que fueron&nbsp;reportadas como saqueadas durante la pandemia.&nbsp;<\/p>\n\n\n\n<p>Zenyazen&nbsp;Escobar Garc\u00eda, secretario de Educaci\u00f3n de Veracruz, dijo que la SEV garantizar\u00e1 condiciones adecuadas para que los ni\u00f1os puedan retomar las clases presenciales a partir del 30 de agosto.&nbsp;<\/p>\n\n\n\n<p><strong>La mayor cantidad de los espacios robados se encuentran en el municipio de Veracruz<\/strong>, sin embargo, ya invierten recursos para resarcir el material.\u00a0<\/p>\n\n\n\n<blockquote class=\"wp-block-quote is-layout-flow wp-block-quote-is-layout-flow\"><p>\u201cHicimos la petici\u00f3n al Gobierno Federal para recibir apoyo, pero nosotros ya las estamos atendiendo. Reiterarles que estamos trabajando en los diferentes centros escolares con la repartici\u00f3n de kits de limpieza, llevamos 20 mil y nos faltan 4 mil para el regreso presencial\u201d.\u00a0<\/p><\/blockquote>\n\n\n\n<p>Afirm\u00f3 que los padres de familia atendieron el llamado de las autoridades educativas y participan limpiando los planteles.&nbsp;<\/p>\n\n\n\n<p>Ahora se buscar\u00e1 mayor coordinaci\u00f3n en materia de seguridad para poner fin a la ola de robos.&nbsp;<\/p>\n\n\n\n<p>Y es que los amantes de lo ajeno aprovecharon la ausencia en las aulas para llevarse no solo equipo de c\u00f3mputo, audio y v\u00eddeo, sino material de cobre y cableado el\u00e9ctrico, perjudicando severamente a las escuelas.&nbsp;<\/p>\n\n\n\n<p>Autoridades de la SEV recorrieron las siguientes escuelas: primaria Salvador D\u00edaz Mir\u00f3n, primaria Artillero, Centro de Atenci\u00f3n M\u00faltiple n\u00famero 46, el preescolar Crist\u00f3bal Col\u00f3n y la Secundaria Heroica de Veracruz.&nbsp;<\/p>\n","protected":false},"excerpt":{"rendered":"<p>Jes\u00fas Utrilla&nbsp;| NV Noticias&nbsp; Veracruz. &#8211;&nbsp;La Secretar\u00eda de Educaci\u00f3n de Veracruz atendi\u00f3 64 escuelas de 142&nbsp;que fueron&nbsp;reportadas como saqueadas durante la pandemia.&nbsp; Zenyazen&nbsp;Escobar Garc\u00eda, secretario de Educaci\u00f3n de Veracruz, dijo que la SEV garantizar\u00e1 condiciones adecuadas para que los ni\u00f1os puedan retomar las clases presenciales a partir del 30 de agosto.&nbsp; La mayor cantidad de [&hellip;]<\/p>\n","protected":false},"author":6,"featured_media":13701,"comment_status":"open","ping_status":"open","sticky":false,"template":"","format":"standard","meta":{"_monsterinsights_skip_tracking":false,"_monsterinsights_sitenote_active":false,"_monsterinsights_sitenote_note":"","_monsterinsights_sitenote_category":0,"footnotes":""},"categories":[154],"tags":[659,1676,5714,1001],"class_list":["post-21899","post","type-post","status-publish","format-standard","has-post-thumbnail","hentry","category-veracruz","tag-escuelas","tag-regreso-a-clases","tag-robadas","tag-sev","wp-image-borders"],"amp_enabled":true,"_links":{"self":[{"href":"https:\/\/nvnoticias.mx\/index.php\/wp-json\/wp\/v2\/posts\/21899","targetHints":{"allow":["GET"]}}],"collection":[{"href":"https:\/\/nvnoticias.mx\/index.php\/wp-json\/wp\/v2\/posts"}],"about":[{"href":"https:\/\/nvnoticias.mx\/index.php\/wp-json\/wp\/v2\/types\/post"}],"author":[{"embeddable":true,"href":"https:\/\/nvnoticias.mx\/index.php\/wp-json\/wp\/v2\/users\/6"}],"replies":[{"embeddable":true,"href":"https:\/\/nvnoticias.mx\/index.php\/wp-json\/wp\/v2\/comments?post=21899"}],"version-history":[{"count":1,"href":"https:\/\/nvnoticias.mx\/index.php\/wp-json\/wp\/v2\/posts\/21899\/revisions"}],"predecessor-version":[{"id":21901,"href":"https:\/\/nvnoticias.mx\/index.php\/wp-json\/wp\/v2\/posts\/21899\/revisions\/21901"}],"wp:featuredmedia":[{"embeddable":true,"href":"https:\/\/nvnoticias.mx\/index.php\/wp-json\/wp\/v2\/media\/13701"}],"wp:attachment":[{"href":"https:\/\/nvnoticias.mx\/index.php\/wp-json\/wp\/v2\/media?parent=21899"}],"wp:term":[{"taxonomy":"category","embeddable":true,"href":"https:\/\/nvnoticias.mx\/index.php\/wp-json\/wp\/v2\/categories?post=21899"},{"taxonomy":"post_tag","embeddable":true,"href":"https:\/\/nvnoticias.mx\/index.php\/wp-json\/wp\/v2\/tags?post=21899"}],"curies":[{"name":"wp","href":"https:\/\/api.w.org\/{rel}","templated":true}]}}