{"id":21778,"date":"2021-08-18T11:59:13","date_gmt":"2021-08-18T16:59:13","guid":{"rendered":"https:\/\/nvnoticias.mx\/?p=21778"},"modified":"2021-08-18T11:59:15","modified_gmt":"2021-08-18T16:59:15","slug":"los-barragan-en-veracruz","status":"publish","type":"post","link":"https:\/\/nvnoticias.mx\/index.php\/2021\/08\/18\/los-barragan-en-veracruz\/","title":{"rendered":"Los Barrag\u00e1n en Veracruz"},"content":{"rendered":"\n<h2 class=\"has-text-align-center wp-block-heading\">\u00bfLa calle Barrag\u00e1n en el Puerto debe ser Miguel o Juan?\u00a0<\/h2>\n\n\n\n<p><strong>Miguel Salvador Rodr\u00edguez Azueta<\/strong>&nbsp;<\/p>\n\n\n\n<p>\u00a0La Calle de J. Barrag\u00e1n en el puerto de Veracruz abarca del Bulevar\u00a0Manuel \u00c1vila\u00a0Camacho a Francisco del Paso y Troncoso, ah\u00ed se corta, pero, \u00bfQui\u00e9n fue Juan Barrag\u00e1n?\u00a0 \u00bfQu\u00e9 hizo este personaje por la\u00a0ciudad de\u00a0Veracruz?\u00a0<\/p>\n\n\n\n<p>Juan Barrag\u00e1n Rodr\u00edguez, naci\u00f3 en Rio Verde, San Luis Potos\u00ed en 1890, proveniente de una ilustre familia, en la que destacan nobles, militares,&nbsp;presidentes y&nbsp;educadores, como Pedro&nbsp;Mar\u00eda Anaya, Miguel Francisco Barrag\u00e1n, Juan Bautista Barrag\u00e1n y los condes de Miravalles, \u00f3sea los descendientes del emperador azteca Moctezuma II.&nbsp;<\/p>\n\n\n\n<p>Muy joven abandon\u00f3 sus estudios para entrar en la lucha revolucionaria, promoviendo la primera huelga estudiantil en San Luis Potos\u00ed en 1910.&nbsp;<\/p>\n\n\n\n<p>Tras la muerte de Madero, se opone al gobierno usurpador de Victoria Huerta ali\u00e1ndose con Venustiano Carraza. Debido a su lealtad fue nombrado jefe del Estado mayor de Venustiano Carranza en su estancia en la ciudad de Veracruz.&nbsp;<\/p>\n\n\n\n<p>Entre otros cargos, fue gobernador de San Luis Potos\u00ed de 1917 a 1918, fundador y presidente del Partido Aut\u00e9ntico de la Revoluci\u00f3n Mexicana de 1964 a 1975.&nbsp;<\/p>\n\n\n\n<p>Por su parte, el General Miguel Francisco Barrag\u00e1n Andrade, abuelo de Juan, secund\u00f3 el Plan de&nbsp;Iguala y&nbsp;fue&nbsp;comandante&nbsp;de Caballer\u00eda del Ejercito Trigarante.&nbsp;&nbsp;<\/p>\n\n\n\n<p>En 1824 fue designado Gobernador Constitucional del nuevo Estado de&nbsp;Veracruz, en&nbsp;cuyo mandato se puede destacar la creaci\u00f3n de la Constituci\u00f3n Estatal y la rendici\u00f3n de la fortaleza de San Juan de Ul\u00faa y por supuesto que la ciudad recibiera el t\u00edtulo de heroica.&nbsp;<\/p>\n\n\n\n<p>Fue&nbsp;secretario&nbsp;de Guerra en diversos periodos, se desempe\u00f1\u00f3 como&nbsp;presidente&nbsp;interino de la Republica en 1835 donde lo sorprendi\u00f3 la muerte en 1836, durante la Guerra contra Texas.&nbsp;<\/p>\n\n\n\n<p>Como dato curioso de este insigne personaje, se\u00f1alare que pidi\u00f3 como \u00faltima voluntad que diversas partes de su cuerpo fueran dividas en los lugares donde hab\u00eda prestado sus servicios militares o ten\u00edan un importante significado sentimental para \u00e9l.&nbsp; As\u00ed, una parte de su&nbsp;cuerpo qued\u00f3&nbsp;en la Catedral de M\u00e9xico, sus ojos en Cd. del Ma\u00edz, san Luis Potos\u00ed, el coraz\u00f3n en Guadalajara, la entra\u00f1as&nbsp;en la&nbsp;Colegiata de Guadalupe y en la capilla del se\u00f1or de Santa Teresa y la lengua en San Juan de Ul\u00faa.&nbsp;<\/p>\n\n\n\n<p>En mi opini\u00f3n los m\u00e9ritos del abuelo son mayores a los del nieto, para que la calle de nuestra ciudad sea llamada en realidad General Miguel Barrag\u00e1n Andrade.&nbsp;<\/p>\n","protected":false},"excerpt":{"rendered":"<p>\u00bfLa calle Barrag\u00e1n en el Puerto debe ser Miguel o Juan?\u00a0 Miguel Salvador Rodr\u00edguez Azueta&nbsp; \u00a0La Calle de J. Barrag\u00e1n en el puerto de Veracruz abarca del Bulevar\u00a0Manuel \u00c1vila\u00a0Camacho a Francisco del Paso y Troncoso, ah\u00ed se corta, pero, \u00bfQui\u00e9n fue Juan Barrag\u00e1n?\u00a0 \u00bfQu\u00e9 hizo este personaje por la\u00a0ciudad de\u00a0Veracruz?\u00a0 Juan Barrag\u00e1n Rodr\u00edguez, naci\u00f3 en [&hellip;]<\/p>\n","protected":false},"author":30,"featured_media":21783,"comment_status":"open","ping_status":"open","sticky":false,"template":"","format":"standard","meta":{"_monsterinsights_skip_tracking":false,"_monsterinsights_sitenote_active":false,"_monsterinsights_sitenote_note":"","_monsterinsights_sitenote_category":0,"footnotes":""},"categories":[332],"tags":[525],"class_list":["post-21778","post","type-post","status-publish","format-standard","has-post-thumbnail","hentry","category-veracruz-en-la-cultura","tag-dr-miguel-salvador-rodriguez-azueta","wp-image-borders"],"amp_enabled":true,"_links":{"self":[{"href":"https:\/\/nvnoticias.mx\/index.php\/wp-json\/wp\/v2\/posts\/21778","targetHints":{"allow":["GET"]}}],"collection":[{"href":"https:\/\/nvnoticias.mx\/index.php\/wp-json\/wp\/v2\/posts"}],"about":[{"href":"https:\/\/nvnoticias.mx\/index.php\/wp-json\/wp\/v2\/types\/post"}],"author":[{"embeddable":true,"href":"https:\/\/nvnoticias.mx\/index.php\/wp-json\/wp\/v2\/users\/30"}],"replies":[{"embeddable":true,"href":"https:\/\/nvnoticias.mx\/index.php\/wp-json\/wp\/v2\/comments?post=21778"}],"version-history":[{"count":1,"href":"https:\/\/nvnoticias.mx\/index.php\/wp-json\/wp\/v2\/posts\/21778\/revisions"}],"predecessor-version":[{"id":21782,"href":"https:\/\/nvnoticias.mx\/index.php\/wp-json\/wp\/v2\/posts\/21778\/revisions\/21782"}],"wp:featuredmedia":[{"embeddable":true,"href":"https:\/\/nvnoticias.mx\/index.php\/wp-json\/wp\/v2\/media\/21783"}],"wp:attachment":[{"href":"https:\/\/nvnoticias.mx\/index.php\/wp-json\/wp\/v2\/media?parent=21778"}],"wp:term":[{"taxonomy":"category","embeddable":true,"href":"https:\/\/nvnoticias.mx\/index.php\/wp-json\/wp\/v2\/categories?post=21778"},{"taxonomy":"post_tag","embeddable":true,"href":"https:\/\/nvnoticias.mx\/index.php\/wp-json\/wp\/v2\/tags?post=21778"}],"curies":[{"name":"wp","href":"https:\/\/api.w.org\/{rel}","templated":true}]}}