{"id":21750,"date":"2021-08-18T10:56:59","date_gmt":"2021-08-18T15:56:59","guid":{"rendered":"https:\/\/nvnoticias.mx\/?p=21750"},"modified":"2021-08-18T10:57:00","modified_gmt":"2021-08-18T15:57:00","slug":"filtros-sanitarios-permanecen-por-aumento-contagios-covid-19","status":"publish","type":"post","link":"https:\/\/nvnoticias.mx\/index.php\/2021\/08\/18\/filtros-sanitarios-permanecen-por-aumento-contagios-covid-19\/","title":{"rendered":"En Xalapa filtros sanitarios permanecen por aumento en contagios de covid-19"},"content":{"rendered":"\n<p><strong>Sam Ojeda | NV Noticias<\/strong>&nbsp;<\/p>\n\n\n\n<p>Xalapa. &#8211;&nbsp;El delegado de Tr\u00e1nsito en Xalapa, Ismael Herrera Rodr\u00edguez, inform\u00f3 que por segunda semana habr\u00e1 restricciones a la movilidad en varios puntos de la ciudad.&nbsp;<\/p>\n\n\n\n<p>Lo anterior, como parte de las acciones para disminuir el n\u00famero de contagios por covid-19, 60 elementos de tr\u00e1nsito participar\u00e1n en el operativo.&nbsp;&nbsp;<\/p>\n\n\n\n<p><strong>Esta semana se instalaron 15 filtros sanitarios<\/strong>, tan solo en el centro de la ciudad, para evitar aglomeraciones y revisar al transporte p\u00fablico, a fin de que sigan las medidas marcadas por la autoridad en Veracruz.\u00a0\u00a0<\/p>\n\n\n\n<p>Por ello, se requiere de 60 elementos de la polic\u00eda estatal, municipal, Tr\u00e1nsito del Estado, Transporte e incluso elementos de la Secretar\u00eda de Protecci\u00f3n Civil.&nbsp;<\/p>\n\n\n\n<p>\u201cLa Secretar\u00eda de Seguridad P\u00fablica en coordinaci\u00f3n con Transporte del Estado y Tr\u00e1nsito del Estado continuamos con el operativo para limitar la movilidad en Xalapa y en Emiliano Zapara del mi\u00e9rcoles 18 al 23 de agosto de 7 a 18 horas\u201d.&nbsp;<\/p>\n\n\n\n<p>Agreg\u00f3 que dar\u00e1n apoyo a comerciantes para poder ingresar a estas v\u00edas, por lo que los repartidores podr\u00e1n tener acceso al primer y segundo cuadro del centro ante la necesidad de abastecerse y adquirir insumos de primera necesidad.&nbsp;<\/p>\n\n\n\n<p>En Xalapa los filtros est\u00e1n ubicados en la Avenida \u00c1vila Camacho y Sayago; \u00c1vila Camacho y Victoria; Clavijero y Melchor Ocampo; Sayago y Clavijero; Sayago y Azueta; Francisco y Madero y Libertad; Lucio y&nbsp;Tamborrel; Clavijero y Altamirano; Alfaro y Ju\u00e1rez; Lucio y Ju\u00e1rez.&nbsp;<\/p>\n\n\n\n<p>En Xalape\u00f1os Ilustres e Insurgentes; Xalape\u00f1os Ilustres y Arteaga; Zamora y Rojano; Zamora y Mata; Zaragoza y Leandro Valle; Zaragoza y Primo Verdad.&nbsp;<\/p>\n\n\n\n<p>Los cierres ser\u00e1n tambi\u00e9n en Las Trancas en la calle Principal hacia Las Trancas sobre Arco Sur; en la Carretera Xalapa-Veracruz y en la Calle Rafael Lucio.&nbsp;<\/p>\n","protected":false},"excerpt":{"rendered":"<p>Sam Ojeda | NV Noticias&nbsp; Xalapa. &#8211;&nbsp;El delegado de Tr\u00e1nsito en Xalapa, Ismael Herrera Rodr\u00edguez, inform\u00f3 que por segunda semana habr\u00e1 restricciones a la movilidad en varios puntos de la ciudad.&nbsp; Lo anterior, como parte de las acciones para disminuir el n\u00famero de contagios por covid-19, 60 elementos de tr\u00e1nsito participar\u00e1n en el operativo.&nbsp;&nbsp; Esta [&hellip;]<\/p>\n","protected":false},"author":6,"featured_media":21752,"comment_status":"open","ping_status":"open","sticky":false,"template":"","format":"standard","meta":{"_monsterinsights_skip_tracking":false,"_monsterinsights_sitenote_active":false,"_monsterinsights_sitenote_note":"","_monsterinsights_sitenote_category":0,"footnotes":""},"categories":[156],"tags":[293,175,5689,312],"class_list":["post-21750","post","type-post","status-publish","format-standard","has-post-thumbnail","hentry","category-estado","tag-contagios","tag-covid-19","tag-filtros-sanitarios","tag-xalapa","wp-image-borders"],"amp_enabled":true,"_links":{"self":[{"href":"https:\/\/nvnoticias.mx\/index.php\/wp-json\/wp\/v2\/posts\/21750","targetHints":{"allow":["GET"]}}],"collection":[{"href":"https:\/\/nvnoticias.mx\/index.php\/wp-json\/wp\/v2\/posts"}],"about":[{"href":"https:\/\/nvnoticias.mx\/index.php\/wp-json\/wp\/v2\/types\/post"}],"author":[{"embeddable":true,"href":"https:\/\/nvnoticias.mx\/index.php\/wp-json\/wp\/v2\/users\/6"}],"replies":[{"embeddable":true,"href":"https:\/\/nvnoticias.mx\/index.php\/wp-json\/wp\/v2\/comments?post=21750"}],"version-history":[{"count":1,"href":"https:\/\/nvnoticias.mx\/index.php\/wp-json\/wp\/v2\/posts\/21750\/revisions"}],"predecessor-version":[{"id":21751,"href":"https:\/\/nvnoticias.mx\/index.php\/wp-json\/wp\/v2\/posts\/21750\/revisions\/21751"}],"wp:featuredmedia":[{"embeddable":true,"href":"https:\/\/nvnoticias.mx\/index.php\/wp-json\/wp\/v2\/media\/21752"}],"wp:attachment":[{"href":"https:\/\/nvnoticias.mx\/index.php\/wp-json\/wp\/v2\/media?parent=21750"}],"wp:term":[{"taxonomy":"category","embeddable":true,"href":"https:\/\/nvnoticias.mx\/index.php\/wp-json\/wp\/v2\/categories?post=21750"},{"taxonomy":"post_tag","embeddable":true,"href":"https:\/\/nvnoticias.mx\/index.php\/wp-json\/wp\/v2\/tags?post=21750"}],"curies":[{"name":"wp","href":"https:\/\/api.w.org\/{rel}","templated":true}]}}