{"id":21678,"date":"2021-08-17T14:22:51","date_gmt":"2021-08-17T19:22:51","guid":{"rendered":"https:\/\/nvnoticias.mx\/?p=21678"},"modified":"2021-08-17T14:22:52","modified_gmt":"2021-08-17T19:22:52","slug":"confinamiento-en-nueva-zelanda-sospecha-de-caso-con-variante-delta","status":"publish","type":"post","link":"https:\/\/nvnoticias.mx\/index.php\/2021\/08\/17\/confinamiento-en-nueva-zelanda-sospecha-de-caso-con-variante-delta\/","title":{"rendered":"Confinamiento en Nueva Zelanda por sospecha de caso con variante Delta"},"content":{"rendered":"\n<p>La primera ministra de\u00a0Nueva Zelanda, Jacinda Ardern, orden\u00f3 este martes el\u00a0confinamiento por tres d\u00edas\u00a0de los m\u00e1s de\u00a0cinco millones de habitantes del pa\u00eds,\u00a0tras detectarse un caso de transmisi\u00f3n comunitaria en la ciudad de Auckland, el primero desde el pasado 28 de febrero.<\/p>\n\n\n\n<p>La medida, que se da ante el temor de que el caso detectado hoy sea con la\u00a0variante delta,\u00a0entrar\u00e1 en vigor a medianoche, aunque los casi 1.7 millones de pobladores de Auckland, la ciudad m\u00e1s poblada de Nueva Zelanda, y m\u00e1s de 1,600 de la aleda\u00f1a pen\u00ednsula de Coromandel estar\u00e1n confinados\u00a0durante siete d\u00edas.<\/p>\n\n\n\n<blockquote class=\"wp-block-quote is-layout-flow wp-block-quote-is-layout-flow\"><p>&#8220;Tenemos solo una oportunidad. Necesitamos ir con fuerza y temprano para detener las transmisiones&#8221;, dijo a periodistas en Wellington Jacinda Ardern, cuya gesti\u00f3n frente a la covid-19 ha sido aplaudida mundialmente, al justificar este confinamiento.<\/p><\/blockquote>\n\n\n\n<p>En virtud de la orden sanitaria, los\u00a0neozelandeses solo podr\u00e1n salir de sus casas\u00a0-con cubrebocas y guardando una distancia de dos metros respecto a otra persona- para hacer la\u00a0compra, practicar deporte,\u00a0someterse a pruebas para detectar la covid-19, entre otras razones esenciales. <\/p>\n\n\n\n<p>El director general de Salud de Nueva Zelanda, Ashley Bloomfield, explic\u00f3 en la rueda de prensa que el hombre de 58 a\u00f1os de edad contagiado con el virus, quien viaj\u00f3 durante el fin de semana a la pen\u00ednsula de Coromadel, comenz\u00f3 su per\u00edodo infeccioso el jueves pasado. <\/p>\n\n\n\n<p>Hasta el momento las autoridades sanitarias no han podido detectar el origen del virus ni determinar si se filtr\u00f3 desde los centros de cuarentena para los\u00a0viajeros internacionales.<\/p>\n\n\n\n<blockquote class=\"wp-block-quote is-layout-flow wp-block-quote-is-layout-flow\"><p>&#8220;Si bien este caso se ha identificado en Auckland, requiere que todos nosotros seamos parte de la respuesta. Es un asunto nacional&#8221;, remarc\u00f3 la autoridad m\u00e9dica.<\/p><\/blockquote>\n\n\n\n<p>Desde el inicio de la pandemia,\u00a0Nueva Zelanda\u00a0acumula m\u00e1s de 2,900 casos confirmados y probables de covid-19, incluyendo 26 fallecidos y 43 casos activos, casi todos en los centros de cuarentena. <\/p>\n\n\n\n<p>Las autoridades neozelandesas aceleraron la semana pasada su campa\u00f1a de vacunaci\u00f3n, que se inici\u00f3 en febrero pasado con los trabajadores de fronteras y comenz\u00f3 a inocular\u00a0dosis de Pfizer\u00a0a la poblaci\u00f3n en general de m\u00e1s de 5 millones de habitantes a finales de julio.<\/p>\n\n\n\n<p>El Ejecutivo pretende terminar de vacunar a la poblaci\u00f3n objetivo antes de finales de a\u00f1o para reabrir sus fronteras, que cerr\u00f3 en marzo de 2020, a partir del primer trimestre de 2021 mediante un plan individualizado que sopesa el riesgo del pa\u00eds de origen del viajero internacional y sus estatus de inmunizaci\u00f3n.<\/p>\n\n\n\n<p>Fuente: ViveUSA<\/p>\n","protected":false},"excerpt":{"rendered":"<p>La primera ministra de\u00a0Nueva Zelanda, Jacinda Ardern, orden\u00f3 este martes el\u00a0confinamiento por tres d\u00edas\u00a0de los m\u00e1s de\u00a0cinco millones de habitantes del pa\u00eds,\u00a0tras detectarse un caso de transmisi\u00f3n comunitaria en la ciudad de Auckland, el primero desde el pasado 28 de febrero. La medida, que se da ante el temor de que el caso detectado hoy [&hellip;]<\/p>\n","protected":false},"author":35,"featured_media":18258,"comment_status":"open","ping_status":"open","sticky":false,"template":"","format":"standard","meta":{"_monsterinsights_skip_tracking":false,"_monsterinsights_sitenote_active":false,"_monsterinsights_sitenote_note":"","_monsterinsights_sitenote_category":0,"footnotes":""},"categories":[181],"tags":[1561,175,1993,4532],"class_list":["post-21678","post","type-post","status-publish","format-standard","has-post-thumbnail","hentry","category-internacional","tag-confinamiento","tag-covid-19","tag-nueva-zelanda","tag-variante-delta","wp-image-borders"],"amp_enabled":true,"_links":{"self":[{"href":"https:\/\/nvnoticias.mx\/index.php\/wp-json\/wp\/v2\/posts\/21678","targetHints":{"allow":["GET"]}}],"collection":[{"href":"https:\/\/nvnoticias.mx\/index.php\/wp-json\/wp\/v2\/posts"}],"about":[{"href":"https:\/\/nvnoticias.mx\/index.php\/wp-json\/wp\/v2\/types\/post"}],"author":[{"embeddable":true,"href":"https:\/\/nvnoticias.mx\/index.php\/wp-json\/wp\/v2\/users\/35"}],"replies":[{"embeddable":true,"href":"https:\/\/nvnoticias.mx\/index.php\/wp-json\/wp\/v2\/comments?post=21678"}],"version-history":[{"count":9,"href":"https:\/\/nvnoticias.mx\/index.php\/wp-json\/wp\/v2\/posts\/21678\/revisions"}],"predecessor-version":[{"id":21687,"href":"https:\/\/nvnoticias.mx\/index.php\/wp-json\/wp\/v2\/posts\/21678\/revisions\/21687"}],"wp:featuredmedia":[{"embeddable":true,"href":"https:\/\/nvnoticias.mx\/index.php\/wp-json\/wp\/v2\/media\/18258"}],"wp:attachment":[{"href":"https:\/\/nvnoticias.mx\/index.php\/wp-json\/wp\/v2\/media?parent=21678"}],"wp:term":[{"taxonomy":"category","embeddable":true,"href":"https:\/\/nvnoticias.mx\/index.php\/wp-json\/wp\/v2\/categories?post=21678"},{"taxonomy":"post_tag","embeddable":true,"href":"https:\/\/nvnoticias.mx\/index.php\/wp-json\/wp\/v2\/tags?post=21678"}],"curies":[{"name":"wp","href":"https:\/\/api.w.org\/{rel}","templated":true}]}}