{"id":216069,"date":"2026-05-02T00:17:45","date_gmt":"2026-05-02T06:17:45","guid":{"rendered":"https:\/\/nvnoticias.mx\/?p=216069"},"modified":"2026-05-02T00:17:52","modified_gmt":"2026-05-02T06:17:52","slug":"ruben-rocha-moya-pide-licencia-temporal-como-gobernador-de-sinaloa","status":"publish","type":"post","link":"https:\/\/nvnoticias.mx\/index.php\/2026\/05\/02\/ruben-rocha-moya-pide-licencia-temporal-como-gobernador-de-sinaloa\/","title":{"rendered":"Rub\u00e9n Rocha Moya pide licencia temporal como gobernador de Sinaloa"},"content":{"rendered":"\n<p><\/p>\n\n\n\n<p>El gobernador de Sinaloa, Rub\u00e9n Rocha Moya, anunci\u00f3 que solicit\u00f3 licencia temporal al cargo durante la noche del viernes 1 de mayo, tras el inicio de una investigaci\u00f3n por parte de la Fiscal\u00eda General de la Rep\u00fablica (FGR), derivada de se\u00f1alamientos en su contra.<\/p>\n\n\n\n<p>En un mensaje dirigido a la ciudadan\u00eda, el mandatario asegur\u00f3 que las acusaciones son \u201cfalsas y dolosas\u201d, y afirm\u00f3 que su trayectoria p\u00fablica respalda su actuar. Sostuvo que enfrentar\u00e1 el proceso conforme a derecho y en los tiempos que establezcan las autoridades.<\/p>\n\n\n\n<blockquote class=\"wp-block-quote is-layout-flow wp-block-quote-is-layout-flow\">\n<p>&#8220;Informo al pueblo de Sinaloa que hoy present\u00e9 ante el Congreso del Estado la solicitud de licencia temporal al cargo de gobernador, mientras dure el proceso de investigaci\u00f3n, y lo hago desde mi profunda convicci\u00f3n republicana. Lo anterior tambi\u00e9n lo hago con la finalidad de facilitar la actuaci\u00f3n de las autoridades mexicanas en el proceso de investigaci\u00f3n ya citado&#8221;, declar\u00f3 Rocha.<\/p>\n<\/blockquote>\n\n\n\n<p>Rocha Moya explic\u00f3 que su decisi\u00f3n busca facilitar las indagatorias y permitir que las instituciones de justicia act\u00faen sin ning\u00fan tipo de presi\u00f3n o interferencia desde el Poder Ejecutivo estatal.<\/p>\n\n\n\n<p>El mandatario estatal tambi\u00e9n enfatiz\u00f3 que no ha traicionado la confianza del pueblo de Sinaloa, y asegur\u00f3 que podr\u00e1 responder a los se\u00f1alamientos en el \u00e1mbito legal correspondiente.<\/p>\n\n\n\n<p>La solicitud de licencia deber\u00e1 ser analizada por el Congreso del Estado, que determinar\u00e1 el procedimiento a seguir durante la ausencia temporal del titular del Ejecutivo.<\/p>\n\n\n\n<p>El anuncio de licencia de Rub\u00e9n Rocha Moya ocurre en un contexto de creciente presi\u00f3n pol\u00edtica y cuestionamientos sobre su gesti\u00f3n frente al estado, lo que ha intensificado el debate p\u00fablico en Sinaloa y ha generado reacciones encontradas entre actores pol\u00edticos y sociales.<\/p>\n\n\n\n<p>Fuente: <a href=\"https:\/\/www.milenio.com\/politica\/ruben-rocha-pide-licencia-como-gobernador-de-sinaloa-tras-acusaciones?fbclid=IwY2xjawRidPRleHRuA2FlbQIxMQBzcnRjBmFwcF9pZAwzNTA2ODU1MzE3MjgAAR6SMeVznkHIXEcbv8GmYsHFuP4aLvecNzmIJlUF4gEO-EDgdn36FyahRYStgQ_aem_pXjc3JFk2J4sgflLgGGpUQ\">Milenio<\/a> <\/p>\n\n\n\n<p><\/p>\n","protected":false},"excerpt":{"rendered":"<p>El gobernador de Sinaloa, Rub\u00e9n Rocha Moya, anunci\u00f3 que solicit\u00f3 licencia temporal al cargo durante la noche del viernes 1 de mayo, tras el inicio de una investigaci\u00f3n por parte de la Fiscal\u00eda General de la Rep\u00fablica (FGR), derivada de se\u00f1alamientos en su contra. En un mensaje dirigido a la ciudadan\u00eda, el mandatario asegur\u00f3 que [&hellip;]<\/p>\n","protected":false},"author":8,"featured_media":216070,"comment_status":"open","ping_status":"open","sticky":false,"template":"","format":"standard","meta":{"_monsterinsights_skip_tracking":false,"_monsterinsights_sitenote_active":false,"_monsterinsights_sitenote_note":"","_monsterinsights_sitenote_category":0,"footnotes":""},"categories":[157],"tags":[885,162,31404],"class_list":["post-216069","post","type-post","status-publish","format-standard","has-post-thumbnail","hentry","category-nacional","tag-licencia","tag-portada","tag-ruben-rocha-moya-2","wp-image-borders"],"amp_enabled":true,"_links":{"self":[{"href":"https:\/\/nvnoticias.mx\/index.php\/wp-json\/wp\/v2\/posts\/216069","targetHints":{"allow":["GET"]}}],"collection":[{"href":"https:\/\/nvnoticias.mx\/index.php\/wp-json\/wp\/v2\/posts"}],"about":[{"href":"https:\/\/nvnoticias.mx\/index.php\/wp-json\/wp\/v2\/types\/post"}],"author":[{"embeddable":true,"href":"https:\/\/nvnoticias.mx\/index.php\/wp-json\/wp\/v2\/users\/8"}],"replies":[{"embeddable":true,"href":"https:\/\/nvnoticias.mx\/index.php\/wp-json\/wp\/v2\/comments?post=216069"}],"version-history":[{"count":1,"href":"https:\/\/nvnoticias.mx\/index.php\/wp-json\/wp\/v2\/posts\/216069\/revisions"}],"predecessor-version":[{"id":216071,"href":"https:\/\/nvnoticias.mx\/index.php\/wp-json\/wp\/v2\/posts\/216069\/revisions\/216071"}],"wp:featuredmedia":[{"embeddable":true,"href":"https:\/\/nvnoticias.mx\/index.php\/wp-json\/wp\/v2\/media\/216070"}],"wp:attachment":[{"href":"https:\/\/nvnoticias.mx\/index.php\/wp-json\/wp\/v2\/media?parent=216069"}],"wp:term":[{"taxonomy":"category","embeddable":true,"href":"https:\/\/nvnoticias.mx\/index.php\/wp-json\/wp\/v2\/categories?post=216069"},{"taxonomy":"post_tag","embeddable":true,"href":"https:\/\/nvnoticias.mx\/index.php\/wp-json\/wp\/v2\/tags?post=216069"}],"curies":[{"name":"wp","href":"https:\/\/api.w.org\/{rel}","templated":true}]}}