{"id":216063,"date":"2026-05-01T16:00:28","date_gmt":"2026-05-01T22:00:28","guid":{"rendered":"https:\/\/nvnoticias.mx\/?p=216063"},"modified":"2026-05-01T16:00:35","modified_gmt":"2026-05-01T22:00:35","slug":"juan-jose-sierra-refrenda-alianza-por-el-dialogo-laboral-en-veracruz","status":"publish","type":"post","link":"https:\/\/nvnoticias.mx\/index.php\/2026\/05\/01\/juan-jose-sierra-refrenda-alianza-por-el-dialogo-laboral-en-veracruz\/","title":{"rendered":"Juan Jos\u00e9 Sierra refrenda alianza por el di\u00e1logo laboral en Veracruz"},"content":{"rendered":"\n<p><\/p>\n\n\n\n<p><em>VERACRUZ, VER. \u2013 1 de mayo de 2026.<\/em> Atendiendo la invitaci\u00f3n de <em>Leonel P\u00e9rez Herrera<\/em>, presidente del Congreso del Trabajo, el dirigente nacional de COPARMEX, <em>Juan Jos\u00e9 Sierra \u00c1lvarez<\/em>, asisti\u00f3 este viernes a la concentraci\u00f3n masiva de trabajadores en la Macroplaza del malec\u00f3n de Veracruz.<\/p>\n\n\n\n<p>Su presencia en este evento responde a la estrategia de <em>di\u00e1logo permanente<\/em> que Sierra \u00c1lvarez impulsa desde la presidencia nacional de COPARMEX con los liderazgos sindicales y centrales obreras del pa\u00eds. Esta labor de vinculaci\u00f3n institucional tiene uno de sus pilares m\u00e1s s\u00f3lidos en la estrecha colaboraci\u00f3n que mantiene con <em>Tereso Medina<\/em>, secretario general nacional de la CTM, con quien ha trabajado en la construcci\u00f3n de acuerdos en favor de la estabilidad y la productividad nacional.<\/p>\n\n\n\n<p>Al acompa\u00f1ar a P\u00e9rez Herrera en el pres\u00eddium, Juan Jos\u00e9 Sierra reafirm\u00f3 que el entendimiento tripartito es el \u00fanico camino para garantizar el desarrollo econ\u00f3mico con justicia social, validando el respeto mutuo entre el sector patronal y la fuerza trabajadora organizada.<\/p>\n\n\n\n<p>Durante el acto, la alcaldesa de Veracruz, la Maestra <em>Rosa Mar\u00eda Hern\u00e1ndez Espejo<\/em>, hizo una menci\u00f3n especial y un reconocimiento p\u00fablico a Sierra \u00c1lvarez. La mun\u00edcipe destac\u00f3 su notable voluntad de di\u00e1logo y su participaci\u00f3n activa en la construcci\u00f3n de acuerdos fundamentales con el sector trabajador, subrayando su papel como un puente s\u00f3lido entre el empresariado y la fuerza laboral.<\/p>\n","protected":false},"excerpt":{"rendered":"<p>VERACRUZ, VER. \u2013 1 de mayo de 2026. Atendiendo la invitaci\u00f3n de Leonel P\u00e9rez Herrera, presidente del Congreso del Trabajo, el dirigente nacional de COPARMEX, Juan Jos\u00e9 Sierra \u00c1lvarez, asisti\u00f3 este viernes a la concentraci\u00f3n masiva de trabajadores en la Macroplaza del malec\u00f3n de Veracruz. Su presencia en este evento responde a la estrategia de [&hellip;]<\/p>\n","protected":false},"author":8,"featured_media":216064,"comment_status":"open","ping_status":"open","sticky":false,"template":"","format":"standard","meta":{"_monsterinsights_skip_tracking":false,"_monsterinsights_sitenote_active":false,"_monsterinsights_sitenote_note":"","_monsterinsights_sitenote_category":0,"footnotes":""},"categories":[154],"tags":[33322],"class_list":["post-216063","post","type-post","status-publish","format-standard","has-post-thumbnail","hentry","category-veracruz","tag-juan-jose-sierra","wp-image-borders"],"amp_enabled":true,"_links":{"self":[{"href":"https:\/\/nvnoticias.mx\/index.php\/wp-json\/wp\/v2\/posts\/216063","targetHints":{"allow":["GET"]}}],"collection":[{"href":"https:\/\/nvnoticias.mx\/index.php\/wp-json\/wp\/v2\/posts"}],"about":[{"href":"https:\/\/nvnoticias.mx\/index.php\/wp-json\/wp\/v2\/types\/post"}],"author":[{"embeddable":true,"href":"https:\/\/nvnoticias.mx\/index.php\/wp-json\/wp\/v2\/users\/8"}],"replies":[{"embeddable":true,"href":"https:\/\/nvnoticias.mx\/index.php\/wp-json\/wp\/v2\/comments?post=216063"}],"version-history":[{"count":1,"href":"https:\/\/nvnoticias.mx\/index.php\/wp-json\/wp\/v2\/posts\/216063\/revisions"}],"predecessor-version":[{"id":216065,"href":"https:\/\/nvnoticias.mx\/index.php\/wp-json\/wp\/v2\/posts\/216063\/revisions\/216065"}],"wp:featuredmedia":[{"embeddable":true,"href":"https:\/\/nvnoticias.mx\/index.php\/wp-json\/wp\/v2\/media\/216064"}],"wp:attachment":[{"href":"https:\/\/nvnoticias.mx\/index.php\/wp-json\/wp\/v2\/media?parent=216063"}],"wp:term":[{"taxonomy":"category","embeddable":true,"href":"https:\/\/nvnoticias.mx\/index.php\/wp-json\/wp\/v2\/categories?post=216063"},{"taxonomy":"post_tag","embeddable":true,"href":"https:\/\/nvnoticias.mx\/index.php\/wp-json\/wp\/v2\/tags?post=216063"}],"curies":[{"name":"wp","href":"https:\/\/api.w.org\/{rel}","templated":true}]}}