{"id":216061,"date":"2026-05-01T14:38:37","date_gmt":"2026-05-01T20:38:37","guid":{"rendered":"https:\/\/nvnoticias.mx\/?p=216061"},"modified":"2026-05-01T14:38:44","modified_gmt":"2026-05-01T20:38:44","slug":"casa-blanca-notifico-al-congreso-que-considera-terminada-la-guerra-con-iran","status":"publish","type":"post","link":"https:\/\/nvnoticias.mx\/index.php\/2026\/05\/01\/casa-blanca-notifico-al-congreso-que-considera-terminada-la-guerra-con-iran\/","title":{"rendered":"Casa Blanca notific\u00f3 al Congreso que considera terminada la guerra con Ir\u00e1n"},"content":{"rendered":"\n<p><\/p>\n\n\n\n<p>La Casa Blanca notific\u00f3 al Congreso de estados Unidos que considera terminada la guerra con Ir\u00e1n.<\/p>\n\n\n\n<p>En una carta enviada este viernes, la Casa Blanca inform\u00f3 al Congreso que las hostilidades con Ir\u00e1n han cesado, a pesar de la presencia continuada de las Fuerzas Armadas estadounidenses en la regi\u00f3n, de acuerdo con la agencia Associated Press (AP).<\/p>\n\n\n\n<p>Cita que el mensaje de Trump elude de hecho el plazo legal del 1 de mayo para obtener la aprobaci\u00f3n del Congreso para continuar la guerra con Ir\u00e1n.<\/p>\n\n\n\n<p>Se\u00f1ala que dicho plazo ya estaba fijado para vencer si los legisladores republicanos, que se muestran complacientes con el presidente, no actuaban.<\/p>\n\n\n\n<p>La carta pone de manifiesto la audaz, aunque legalmente cuestionable, afirmaci\u00f3n del poder presidencial que constituye el n\u00facleo de la guerra de Trump, la cual inici\u00f3 sin la aprobaci\u00f3n del Congreso hace dos meses.<\/p>\n\n\n\n<p>Tambi\u00e9n dej\u00f3 claro en la carta que la guerra podr\u00eda estar lejos de terminar.<\/p>\n","protected":false},"excerpt":{"rendered":"<p>La Casa Blanca notific\u00f3 al Congreso de estados Unidos que considera terminada la guerra con Ir\u00e1n. En una carta enviada este viernes, la Casa Blanca inform\u00f3 al Congreso que las hostilidades con Ir\u00e1n han cesado, a pesar de la presencia continuada de las Fuerzas Armadas estadounidenses en la regi\u00f3n, de acuerdo con la agencia Associated [&hellip;]<\/p>\n","protected":false},"author":8,"featured_media":210493,"comment_status":"open","ping_status":"open","sticky":false,"template":"","format":"standard","meta":{"_monsterinsights_skip_tracking":false,"_monsterinsights_sitenote_active":false,"_monsterinsights_sitenote_note":"","_monsterinsights_sitenote_category":0,"footnotes":""},"categories":[181],"tags":[582,187,5665],"class_list":["post-216061","post","type-post","status-publish","format-standard","has-post-thumbnail","hentry","category-internacional","tag-casa-blanca","tag-guerra","tag-iran","wp-image-borders"],"amp_enabled":true,"_links":{"self":[{"href":"https:\/\/nvnoticias.mx\/index.php\/wp-json\/wp\/v2\/posts\/216061","targetHints":{"allow":["GET"]}}],"collection":[{"href":"https:\/\/nvnoticias.mx\/index.php\/wp-json\/wp\/v2\/posts"}],"about":[{"href":"https:\/\/nvnoticias.mx\/index.php\/wp-json\/wp\/v2\/types\/post"}],"author":[{"embeddable":true,"href":"https:\/\/nvnoticias.mx\/index.php\/wp-json\/wp\/v2\/users\/8"}],"replies":[{"embeddable":true,"href":"https:\/\/nvnoticias.mx\/index.php\/wp-json\/wp\/v2\/comments?post=216061"}],"version-history":[{"count":1,"href":"https:\/\/nvnoticias.mx\/index.php\/wp-json\/wp\/v2\/posts\/216061\/revisions"}],"predecessor-version":[{"id":216062,"href":"https:\/\/nvnoticias.mx\/index.php\/wp-json\/wp\/v2\/posts\/216061\/revisions\/216062"}],"wp:featuredmedia":[{"embeddable":true,"href":"https:\/\/nvnoticias.mx\/index.php\/wp-json\/wp\/v2\/media\/210493"}],"wp:attachment":[{"href":"https:\/\/nvnoticias.mx\/index.php\/wp-json\/wp\/v2\/media?parent=216061"}],"wp:term":[{"taxonomy":"category","embeddable":true,"href":"https:\/\/nvnoticias.mx\/index.php\/wp-json\/wp\/v2\/categories?post=216061"},{"taxonomy":"post_tag","embeddable":true,"href":"https:\/\/nvnoticias.mx\/index.php\/wp-json\/wp\/v2\/tags?post=216061"}],"curies":[{"name":"wp","href":"https:\/\/api.w.org\/{rel}","templated":true}]}}