{"id":216049,"date":"2026-05-01T13:21:36","date_gmt":"2026-05-01T19:21:36","guid":{"rendered":"https:\/\/nvnoticias.mx\/?p=216049"},"modified":"2026-05-01T13:21:43","modified_gmt":"2026-05-01T19:21:43","slug":"conmemoran-el-dia-del-trabajo-en-el-malecon-de-veracruz-entre-marchas-y-protestas","status":"publish","type":"post","link":"https:\/\/nvnoticias.mx\/index.php\/2026\/05\/01\/conmemoran-el-dia-del-trabajo-en-el-malecon-de-veracruz-entre-marchas-y-protestas\/","title":{"rendered":"Conmemoran el D\u00eda del Trabajo en el malec\u00f3n de Veracruz entre marchas y protestas"},"content":{"rendered":"\n<p><\/p>\n\n\n\n<p>Desde muy temprano este viernes primero de mayo trabajadores de diferentes rubros, organizaciones y sindicatos, comenzaron a llegar a la macro explanada del malec\u00f3n de Veracruz, para conmemorar \u201cEl d\u00eda del Trabajo\u201d.<\/p>\n\n\n\n<p>Cientos de trabajadores fueron llegando alrededor de las 8:00a.m. porque el evento estaba programado para iniciar a las 8:30a.m., sin embargo fue pasadas las 9:00 a.m. cuando este dio inicio.<\/p>\n\n\n\n<p>A este evento conmemorativo llegaron trabajadores de diversos sindicatos, desde el sindicato de meseros, los trabajadores municipales, trabajadores de la zona portuaria, del SNTE, as\u00ed como trabajadores de PEMEX, CFE, entre otros.<\/p>\n\n\n\n<p>Cabe mencionar que previo al inicio de este evento conmemorativo hubo marcha de taxistas quienes se quejaron por la inseguridad que viven en su labor diaria, as\u00ed como el alza a los comestibles, lo cual afecta sus bolsillos.<\/p>\n\n\n\n<p>As\u00ed mismo pensionados y jubilados de instituciones como PEMEX y CFE tambi\u00e9n se manifestaron contra la reforma a la ley de pensiones, las cuales han calificado como injustas e ilegales al aplicar un efecto retroactivo que la misma ley proh\u00edbe.<\/p>\n\n\n\n<p>Para iniciar la ceremonia se realizaron honores a la bandera con la participaci\u00f3n de la escolta y banda de guerra de la 169 del Suterm, adem\u00e1s de que se enton\u00f3 el himno nacional mexicano.<\/p>\n\n\n\n<p>Posteriormente se present\u00f3 a los integrantes del pres\u00eddium, destacando la presencia de la alcaldesa de Veracruz&nbsp;<strong>Rosa Mar\u00eda Hern\u00e1ndez Espejo<\/strong>, y de&nbsp;<strong>Leonel P\u00e9rez Herrera<\/strong>&nbsp;Presidente del congreso del trabajo de Veracruz, quienes fueron los encargados de dirigir unas palabras ante todos los asistentes al evento.<\/p>\n\n\n\n<p>Por su parte la alcaldesa&nbsp;<strong>Rosa Mar\u00eda Hern\u00e1ndez Espejo<\/strong>&nbsp;destac\u00f3 la lucha de los trabajadores que antecedieron y dieron pauta para esta conmemoraci\u00f3n del d\u00eda del trabajo, como los m\u00e1rtires de Chicago, las muertes de Cananea, y los m\u00e1rtires de R\u00edo Blanco.<\/p>\n\n\n\n<p>Adem\u00e1s destac\u00f3 las reformas al sector laboral que impuls\u00f3 siendo diputada federal.<\/p>\n\n\n\n<p>Finalmente,&nbsp;<strong>Leonel P\u00e9rez Herrera&nbsp;<\/strong>se\u00f1al\u00f3 que la lucha que se pierde es la que se abandona, en su discurso el presidente del congreso del trabajo de Veracruz reconoci\u00f3 a los trabajadores que en su momento dieron su vida por defender los derechos laborales de los trabajadores,&nbsp;<strong>P\u00e9rez Herrera&nbsp;<\/strong>destac\u00f3 que los trabajadores son mayor\u00eda, y pidi\u00f3 al gobierno federal revisar la reforma a las pensiones para no afectar a los trabajadores que trabajaron 25 y 30 a\u00f1os para poder gozar de un retiro digno.<\/p>\n","protected":false},"excerpt":{"rendered":"<p>Desde muy temprano este viernes primero de mayo trabajadores de diferentes rubros, organizaciones y sindicatos, comenzaron a llegar a la macro explanada del malec\u00f3n de Veracruz, para conmemorar \u201cEl d\u00eda del Trabajo\u201d. Cientos de trabajadores fueron llegando alrededor de las 8:00a.m. porque el evento estaba programado para iniciar a las 8:30a.m., sin embargo fue pasadas [&hellip;]<\/p>\n","protected":false},"author":8,"featured_media":216050,"comment_status":"open","ping_status":"open","sticky":false,"template":"","format":"standard","meta":{"_monsterinsights_skip_tracking":false,"_monsterinsights_sitenote_active":false,"_monsterinsights_sitenote_note":"","_monsterinsights_sitenote_category":0,"footnotes":""},"categories":[154],"tags":[3344,162,180],"class_list":["post-216049","post","type-post","status-publish","format-standard","has-post-thumbnail","hentry","category-veracruz","tag-dia-del-trabajo","tag-portada","tag-veracruz","wp-image-borders"],"amp_enabled":true,"_links":{"self":[{"href":"https:\/\/nvnoticias.mx\/index.php\/wp-json\/wp\/v2\/posts\/216049","targetHints":{"allow":["GET"]}}],"collection":[{"href":"https:\/\/nvnoticias.mx\/index.php\/wp-json\/wp\/v2\/posts"}],"about":[{"href":"https:\/\/nvnoticias.mx\/index.php\/wp-json\/wp\/v2\/types\/post"}],"author":[{"embeddable":true,"href":"https:\/\/nvnoticias.mx\/index.php\/wp-json\/wp\/v2\/users\/8"}],"replies":[{"embeddable":true,"href":"https:\/\/nvnoticias.mx\/index.php\/wp-json\/wp\/v2\/comments?post=216049"}],"version-history":[{"count":1,"href":"https:\/\/nvnoticias.mx\/index.php\/wp-json\/wp\/v2\/posts\/216049\/revisions"}],"predecessor-version":[{"id":216051,"href":"https:\/\/nvnoticias.mx\/index.php\/wp-json\/wp\/v2\/posts\/216049\/revisions\/216051"}],"wp:featuredmedia":[{"embeddable":true,"href":"https:\/\/nvnoticias.mx\/index.php\/wp-json\/wp\/v2\/media\/216050"}],"wp:attachment":[{"href":"https:\/\/nvnoticias.mx\/index.php\/wp-json\/wp\/v2\/media?parent=216049"}],"wp:term":[{"taxonomy":"category","embeddable":true,"href":"https:\/\/nvnoticias.mx\/index.php\/wp-json\/wp\/v2\/categories?post=216049"},{"taxonomy":"post_tag","embeddable":true,"href":"https:\/\/nvnoticias.mx\/index.php\/wp-json\/wp\/v2\/tags?post=216049"}],"curies":[{"name":"wp","href":"https:\/\/api.w.org\/{rel}","templated":true}]}}