{"id":216044,"date":"2026-05-01T11:03:24","date_gmt":"2026-05-01T17:03:24","guid":{"rendered":"https:\/\/nvnoticias.mx\/?p=216044"},"modified":"2026-05-01T11:03:31","modified_gmt":"2026-05-01T17:03:31","slug":"falso-que-este-entre-la-espada-y-la-pared-sheinbaum","status":"publish","type":"post","link":"https:\/\/nvnoticias.mx\/index.php\/2026\/05\/01\/falso-que-este-entre-la-espada-y-la-pared-sheinbaum\/","title":{"rendered":"Falso que est\u00e9 &#8216;entre la espada y la pared&#8217;: Sheinbaum"},"content":{"rendered":"\n<p><\/p>\n\n\n\n<p>Luego de la acusaci\u00f3n de Estados Unidos contra diez&nbsp; funcionarios y ex funcionarios de M\u00e9xico, la presidenta Claudia Sheinbaum dijo que es falso lo que afirman algunos de que ella se encuentra &#8220;entre la espada y la pared&#8221;.<\/p>\n\n\n\n<p>Asever\u00f3 que&nbsp;la presidenta est\u00e1 fuerte y est\u00e1 s\u00f3lida y enfatiz\u00f3 que en M\u00e9xico deciden los mexicanos.&nbsp;<\/p>\n\n\n\n<p>A\u00f1adi\u00f3:&nbsp;&nbsp;&#8220;siempre vamos a trabajar con la verdad, la justicia y la defensa de la soberan\u00eda&#8221;.<\/p>\n\n\n\n<p>La mandataria afirm\u00f3 durante la conferencia ma\u00f1anera, que su administraci\u00f3n act\u00faa con base en informaci\u00f3n oficial y dentro del marco de la Ley.<\/p>\n\n\n\n<p><strong>Destac\u00f3 que toda persona es inocente hasta que se demuestre lo contrario.<\/strong><\/p>\n\n\n\n<p>&nbsp;\u201cNosotros no actuamos por dichos o por rumores, sino por investigaciones formales\u201d, abund\u00f3 al referse a las acusaciones de Estados Unidos en contra del gobernador morenista de Sinaloa, Rub\u00e9n Rocha Moya y otras nueve personas.&nbsp;<\/p>\n","protected":false},"excerpt":{"rendered":"<p>Luego de la acusaci\u00f3n de Estados Unidos contra diez&nbsp; funcionarios y ex funcionarios de M\u00e9xico, la presidenta Claudia Sheinbaum dijo que es falso lo que afirman algunos de que ella se encuentra &#8220;entre la espada y la pared&#8221;. Asever\u00f3 que&nbsp;la presidenta est\u00e1 fuerte y est\u00e1 s\u00f3lida y enfatiz\u00f3 que en M\u00e9xico deciden los mexicanos.&nbsp; A\u00f1adi\u00f3:&nbsp;&nbsp;&#8220;siempre [&hellip;]<\/p>\n","protected":false},"author":8,"featured_media":204210,"comment_status":"open","ping_status":"open","sticky":false,"template":"","format":"standard","meta":{"_monsterinsights_skip_tracking":false,"_monsterinsights_sitenote_active":false,"_monsterinsights_sitenote_note":"","_monsterinsights_sitenote_category":0,"footnotes":""},"categories":[157],"tags":[2801,252],"class_list":["post-216044","post","type-post","status-publish","format-standard","has-post-thumbnail","hentry","category-nacional","tag-claudia-sheinbaum","tag-morena","wp-image-borders"],"amp_enabled":true,"_links":{"self":[{"href":"https:\/\/nvnoticias.mx\/index.php\/wp-json\/wp\/v2\/posts\/216044","targetHints":{"allow":["GET"]}}],"collection":[{"href":"https:\/\/nvnoticias.mx\/index.php\/wp-json\/wp\/v2\/posts"}],"about":[{"href":"https:\/\/nvnoticias.mx\/index.php\/wp-json\/wp\/v2\/types\/post"}],"author":[{"embeddable":true,"href":"https:\/\/nvnoticias.mx\/index.php\/wp-json\/wp\/v2\/users\/8"}],"replies":[{"embeddable":true,"href":"https:\/\/nvnoticias.mx\/index.php\/wp-json\/wp\/v2\/comments?post=216044"}],"version-history":[{"count":1,"href":"https:\/\/nvnoticias.mx\/index.php\/wp-json\/wp\/v2\/posts\/216044\/revisions"}],"predecessor-version":[{"id":216045,"href":"https:\/\/nvnoticias.mx\/index.php\/wp-json\/wp\/v2\/posts\/216044\/revisions\/216045"}],"wp:featuredmedia":[{"embeddable":true,"href":"https:\/\/nvnoticias.mx\/index.php\/wp-json\/wp\/v2\/media\/204210"}],"wp:attachment":[{"href":"https:\/\/nvnoticias.mx\/index.php\/wp-json\/wp\/v2\/media?parent=216044"}],"wp:term":[{"taxonomy":"category","embeddable":true,"href":"https:\/\/nvnoticias.mx\/index.php\/wp-json\/wp\/v2\/categories?post=216044"},{"taxonomy":"post_tag","embeddable":true,"href":"https:\/\/nvnoticias.mx\/index.php\/wp-json\/wp\/v2\/tags?post=216044"}],"curies":[{"name":"wp","href":"https:\/\/api.w.org\/{rel}","templated":true}]}}