{"id":216038,"date":"2026-05-01T10:54:04","date_gmt":"2026-05-01T16:54:04","guid":{"rendered":"https:\/\/nvnoticias.mx\/?p=216038"},"modified":"2026-05-01T10:54:14","modified_gmt":"2026-05-01T16:54:14","slug":"sev-atribuye-a-retos-virales-amenazas-de-tiroteos-en-escuelas","status":"publish","type":"post","link":"https:\/\/nvnoticias.mx\/index.php\/2026\/05\/01\/sev-atribuye-a-retos-virales-amenazas-de-tiroteos-en-escuelas\/","title":{"rendered":"SEV atribuye a retos virales amenazas de tiroteos en escuelas"},"content":{"rendered":"\n<p><\/p>\n\n\n\n<p><strong>Sam Ojeda \/ NV Noticias<\/strong><\/p>\n\n\n\n<p>Xalapa.- Las advertencias de presuntos tiroteos detectadas en planteles de Xalapa y Coatepec fueron calificadas por la Secretar\u00eda de Educaci\u00f3n de Veracruz (SEV) como parte de \u201ctravesuras\u201d vinculadas a retos virales internacionales, sin que hasta ahora se haya concretado alg\u00fan hecho de violencia.<\/p>\n\n\n\n<p>La titular de la dependencia, Claudia Tello Espinosa, sostuvo que este tipo de mensajes responde al uso inadecuado de dispositivos electr\u00f3nicos por parte de estudiantes.<\/p>\n\n\n\n<p>\u201cUstedes vieron no ha sucedido nada, es como una travesura un reto a nivel internacional, pero trajeron a M\u00e9xico\u201d.<\/p>\n\n\n\n<p>\u201cEso tambi\u00e9n tiene que ver con el mal uso de celulares y de otros dispositivos\u201d.<\/p>\n\n\n\n<p>Ante estos casos, la funcionaria indic\u00f3 que la estrategia de la SEV se centra en la sensibilizaci\u00f3n de la comunidad estudiantil para desalentar este tipo de conductas.<\/p>\n\n\n\n<p>\u201cEl trabajo de concientizaci\u00f3n para que todos los alumnos comprendan que las acciones deben de ser positivas, porque lo negativo no tiene caso\u201d.<\/p>\n\n\n\n<p>En paralelo, la secretaria abord\u00f3 el tema de las altas temperaturas y se\u00f1al\u00f3 que ya se emitieron recomendaciones a escuelas y docentes para proteger a los estudiantes, sin que hasta el momento se contemplen ajustes en horarios escolares.<\/p>\n\n\n\n<p>\u201cYa existe por ah\u00ed un comunicado para cuidar mucho que los j\u00f3venes, los ni\u00f1os est\u00e9n tomando agua constantemente\u201d.<br><\/p>\n\n\n\n<p><\/p>\n","protected":false},"excerpt":{"rendered":"<p>Sam Ojeda \/ NV Noticias Xalapa.- Las advertencias de presuntos tiroteos detectadas en planteles de Xalapa y Coatepec fueron calificadas por la Secretar\u00eda de Educaci\u00f3n de Veracruz (SEV) como parte de \u201ctravesuras\u201d vinculadas a retos virales internacionales, sin que hasta ahora se haya concretado alg\u00fan hecho de violencia. La titular de la dependencia, Claudia Tello [&hellip;]<\/p>\n","protected":false},"author":8,"featured_media":216039,"comment_status":"open","ping_status":"open","sticky":false,"template":"","format":"standard","meta":{"_monsterinsights_skip_tracking":false,"_monsterinsights_sitenote_active":false,"_monsterinsights_sitenote_note":"","_monsterinsights_sitenote_category":0,"footnotes":""},"categories":[156],"tags":[659,24658,3578,180],"class_list":["post-216038","post","type-post","status-publish","format-standard","has-post-thumbnail","hentry","category-estado","tag-escuelas","tag-retos-virales","tag-tiroteo","tag-veracruz","wp-image-borders"],"amp_enabled":true,"_links":{"self":[{"href":"https:\/\/nvnoticias.mx\/index.php\/wp-json\/wp\/v2\/posts\/216038","targetHints":{"allow":["GET"]}}],"collection":[{"href":"https:\/\/nvnoticias.mx\/index.php\/wp-json\/wp\/v2\/posts"}],"about":[{"href":"https:\/\/nvnoticias.mx\/index.php\/wp-json\/wp\/v2\/types\/post"}],"author":[{"embeddable":true,"href":"https:\/\/nvnoticias.mx\/index.php\/wp-json\/wp\/v2\/users\/8"}],"replies":[{"embeddable":true,"href":"https:\/\/nvnoticias.mx\/index.php\/wp-json\/wp\/v2\/comments?post=216038"}],"version-history":[{"count":1,"href":"https:\/\/nvnoticias.mx\/index.php\/wp-json\/wp\/v2\/posts\/216038\/revisions"}],"predecessor-version":[{"id":216040,"href":"https:\/\/nvnoticias.mx\/index.php\/wp-json\/wp\/v2\/posts\/216038\/revisions\/216040"}],"wp:featuredmedia":[{"embeddable":true,"href":"https:\/\/nvnoticias.mx\/index.php\/wp-json\/wp\/v2\/media\/216039"}],"wp:attachment":[{"href":"https:\/\/nvnoticias.mx\/index.php\/wp-json\/wp\/v2\/media?parent=216038"}],"wp:term":[{"taxonomy":"category","embeddable":true,"href":"https:\/\/nvnoticias.mx\/index.php\/wp-json\/wp\/v2\/categories?post=216038"},{"taxonomy":"post_tag","embeddable":true,"href":"https:\/\/nvnoticias.mx\/index.php\/wp-json\/wp\/v2\/tags?post=216038"}],"curies":[{"name":"wp","href":"https:\/\/api.w.org\/{rel}","templated":true}]}}