{"id":216036,"date":"2026-05-01T10:50:45","date_gmt":"2026-05-01T16:50:45","guid":{"rendered":"https:\/\/nvnoticias.mx\/?p=216036"},"modified":"2026-05-01T10:50:52","modified_gmt":"2026-05-01T16:50:52","slug":"tras-protestas-gobierno-de-veracruz-cubre-pagos-en-la-upav","status":"publish","type":"post","link":"https:\/\/nvnoticias.mx\/index.php\/2026\/05\/01\/tras-protestas-gobierno-de-veracruz-cubre-pagos-en-la-upav\/","title":{"rendered":"Tras protestas, Gobierno de Veracruz cubre pagos en la UPAV"},"content":{"rendered":"\n<p><\/p>\n\n\n\n<p><strong>Sam Ojeda \/ NV Noticias<\/strong><\/p>\n\n\n\n<p>Xalapa.- Luego de las protestas y paro de actividades en la Universidad Popular Aut\u00f3noma de Veracruz (UPAV), el Gobierno del Estado ya cubri\u00f3 los pagos pendientes a personal administrativo y docente, inform\u00f3 la gobernadora Roc\u00edo Nahle Garc\u00eda, quien adelant\u00f3 que ahora se iniciar\u00e1 la firma de contratos laborales.<br><br>La mandataria explic\u00f3 que el siguiente paso ser\u00e1 regularizar la situaci\u00f3n contractual de los trabajadores, quienes, asegur\u00f3, no contaban con este documento.<br><br>\u201cYa se les pag\u00f3 pero falta que firmen los contratos que no hab\u00edan firmado nunca y ahora ya van a firmar contrato\u201d.<br><br>\u201cAyer (jueves) habl\u00e9 con el subsecretario que es el que me est\u00e1 ayudando y le pregunt\u00e9; empiezan a firmar ya contratos, ellos ni siquiera ten\u00edan contratos antes. Ahora van a tener contratos y esta semana empiezan a firmar contrato\u201d.<br><br>En el contexto del D\u00eda del Trabajo, la gobernadora se refiri\u00f3 a las principales exigencias del sector laboral en Veracruz, las cuales, dijo, se centran en mejorar condiciones en los espacios de trabajo, as\u00ed como en garantizar salarios y jornadas justas.<br><br>\u201cSon las atenciones de salarios, justos, jornadas justas, lo que corresponde\u201d.<br><br>Nahle Garc\u00eda destac\u00f3 la actitud de colaboraci\u00f3n de los trabajadores en la entidad y su disposici\u00f3n para contribuir al desarrollo del estado.<br><br>\u201cTenemos un pueblo maravilloso y trabajadores de primera, lo que he dicho en Veracruz somos muy trabajadores y este es una prueba de esto\u201d.<br><br>\u201cTodos diciendo \u2018estamos para ayudar, queremos colaborar y seguir construyendo nuestro estado maravilloso\u2019\u201d.<br><br><\/p>\n\n\n\n<p><\/p>\n","protected":false},"excerpt":{"rendered":"<p>Sam Ojeda \/ NV Noticias Xalapa.- Luego de las protestas y paro de actividades en la Universidad Popular Aut\u00f3noma de Veracruz (UPAV), el Gobierno del Estado ya cubri\u00f3 los pagos pendientes a personal administrativo y docente, inform\u00f3 la gobernadora Roc\u00edo Nahle Garc\u00eda, quien adelant\u00f3 que ahora se iniciar\u00e1 la firma de contratos laborales. La mandataria [&hellip;]<\/p>\n","protected":false},"author":8,"featured_media":72999,"comment_status":"open","ping_status":"open","sticky":false,"template":"","format":"standard","meta":{"_monsterinsights_skip_tracking":false,"_monsterinsights_sitenote_active":false,"_monsterinsights_sitenote_note":"","_monsterinsights_sitenote_category":0,"footnotes":""},"categories":[156],"tags":[871,7926],"class_list":["post-216036","post","type-post","status-publish","format-standard","has-post-thumbnail","hentry","category-estado","tag-pagos","tag-upav","wp-image-borders"],"amp_enabled":true,"_links":{"self":[{"href":"https:\/\/nvnoticias.mx\/index.php\/wp-json\/wp\/v2\/posts\/216036","targetHints":{"allow":["GET"]}}],"collection":[{"href":"https:\/\/nvnoticias.mx\/index.php\/wp-json\/wp\/v2\/posts"}],"about":[{"href":"https:\/\/nvnoticias.mx\/index.php\/wp-json\/wp\/v2\/types\/post"}],"author":[{"embeddable":true,"href":"https:\/\/nvnoticias.mx\/index.php\/wp-json\/wp\/v2\/users\/8"}],"replies":[{"embeddable":true,"href":"https:\/\/nvnoticias.mx\/index.php\/wp-json\/wp\/v2\/comments?post=216036"}],"version-history":[{"count":1,"href":"https:\/\/nvnoticias.mx\/index.php\/wp-json\/wp\/v2\/posts\/216036\/revisions"}],"predecessor-version":[{"id":216037,"href":"https:\/\/nvnoticias.mx\/index.php\/wp-json\/wp\/v2\/posts\/216036\/revisions\/216037"}],"wp:featuredmedia":[{"embeddable":true,"href":"https:\/\/nvnoticias.mx\/index.php\/wp-json\/wp\/v2\/media\/72999"}],"wp:attachment":[{"href":"https:\/\/nvnoticias.mx\/index.php\/wp-json\/wp\/v2\/media?parent=216036"}],"wp:term":[{"taxonomy":"category","embeddable":true,"href":"https:\/\/nvnoticias.mx\/index.php\/wp-json\/wp\/v2\/categories?post=216036"},{"taxonomy":"post_tag","embeddable":true,"href":"https:\/\/nvnoticias.mx\/index.php\/wp-json\/wp\/v2\/tags?post=216036"}],"curies":[{"name":"wp","href":"https:\/\/api.w.org\/{rel}","templated":true}]}}