{"id":216034,"date":"2026-05-01T10:48:22","date_gmt":"2026-05-01T16:48:22","guid":{"rendered":"https:\/\/nvnoticias.mx\/?p=216034"},"modified":"2026-05-01T10:48:29","modified_gmt":"2026-05-01T16:48:29","slug":"va-para-largo-juicio-por-f3m1ncidi-de-montserrat","status":"publish","type":"post","link":"https:\/\/nvnoticias.mx\/index.php\/2026\/05\/01\/va-para-largo-juicio-por-f3m1ncidi-de-montserrat\/","title":{"rendered":"Va para largo juicio por f3m1n!cidi@ de Montserrat"},"content":{"rendered":"\n<p><\/p>\n\n\n\n<p><strong>Sam Ojeda \/ NV Noticias<\/strong><\/p>\n\n\n\n<p>Xalapa.- El juicio contra Marlon \u201cN\u201d, se\u00f1alado por el feminicidio de Montserrat Bendimes Rold\u00e1n, se perfila como un proceso prolongado por la cantidad de pruebas y testigos, inform\u00f3 la fiscal general del estado, Lisbeth Aurelia Jim\u00e9nez Aguirre, quien sostuvo que la Fiscal\u00eda conf\u00eda en obtener una sentencia condenatoria.<\/p>\n\n\n\n<p>\u201cEs un juicio largo, hay much\u00edsimos testigos que desahogar, es un tema que va a llevar varias audiencias, todav\u00eda va a tardar\u201d.<\/p>\n\n\n\n<p>\u201cVamos a esperar que se desahogue el juicio y que se se llegue a buen fin, es un feminicidio, entonces estamos confiados en que se va a lograr una sentencia condenatoria\u201d.<\/p>\n\n\n\n<p>La fiscal precis\u00f3 que apenas se llev\u00f3 a cabo la primera audiencia y que el proceso se desarrollar\u00e1 en varias sesiones debido al volumen de periciales y testimonios.<\/p>\n\n\n\n<p>\u201cEs decir, es un solo juicio, pero se va a desahogar en varias audiencias porque son much\u00edsimos testigos, muchas periciales apenas empez\u00f3 ayer, para largo, para largo el tema\u201d.<\/p>\n\n\n\n<p>El inicio de la etapa de enjuiciamiento ocurri\u00f3 este jueves, a cinco a\u00f1os del crimen. Marlon \u201cN\u201d es acusado de haber agredido a la joven el 17 de abril de 2021; ella falleci\u00f3 seis d\u00edas despu\u00e9s.<\/p>\n\n\n\n<p>En otro tema, la fiscal\u00eda estatal inform\u00f3 que ejecutar\u00e1 \u00f3rdenes de aprehensi\u00f3n pendientes en Veracruz contra Roberto \u201cN\u201d, alias \u201cEl Bukanas\u201d, quien se encuentra detenido en Puebla y es se\u00f1alado por homicidio.<\/p>\n\n\n\n<p>\u201cEst\u00e1 detenido en Puebla y nosotros las \u00f3rdenes de aprehensi\u00f3n que tenemos en Veracruz las vamos a ejecutar y las vamos a hacer efectivas\u201d.<\/p>\n\n\n\n<p>\u201cTiene varias \u00f3rdenes de aprehensi\u00f3n por homicidio y las vamos a ejecutar, pero est\u00e1 detenido en Puebla\u201d.<\/p>\n\n\n\n<p>El presunto l\u00edder criminal fue detenido en un operativo en el que participaron fuerzas federales y estatales, junto con otras seis personas vinculadas al grupo \u201cLos Bukanas\u201d, relacionado con robo a transporte de carga en la zona lim\u00edtrofe con Hidalgo.<br><\/p>\n","protected":false},"excerpt":{"rendered":"<p>Sam Ojeda \/ NV Noticias Xalapa.- El juicio contra Marlon \u201cN\u201d, se\u00f1alado por el feminicidio de Montserrat Bendimes Rold\u00e1n, se perfila como un proceso prolongado por la cantidad de pruebas y testigos, inform\u00f3 la fiscal general del estado, Lisbeth Aurelia Jim\u00e9nez Aguirre, quien sostuvo que la Fiscal\u00eda conf\u00eda en obtener una sentencia condenatoria. \u201cEs un [&hellip;]<\/p>\n","protected":false},"author":8,"featured_media":95752,"comment_status":"open","ping_status":"open","sticky":false,"template":"","format":"standard","meta":{"_monsterinsights_skip_tracking":false,"_monsterinsights_sitenote_active":false,"_monsterinsights_sitenote_note":"","_monsterinsights_sitenote_category":0,"footnotes":""},"categories":[154],"tags":[1042,3342,7003],"class_list":["post-216034","post","type-post","status-publish","format-standard","has-post-thumbnail","hentry","category-veracruz","tag-juicio","tag-marlon-n","tag-montserrat-bendimes","wp-image-borders"],"amp_enabled":true,"_links":{"self":[{"href":"https:\/\/nvnoticias.mx\/index.php\/wp-json\/wp\/v2\/posts\/216034","targetHints":{"allow":["GET"]}}],"collection":[{"href":"https:\/\/nvnoticias.mx\/index.php\/wp-json\/wp\/v2\/posts"}],"about":[{"href":"https:\/\/nvnoticias.mx\/index.php\/wp-json\/wp\/v2\/types\/post"}],"author":[{"embeddable":true,"href":"https:\/\/nvnoticias.mx\/index.php\/wp-json\/wp\/v2\/users\/8"}],"replies":[{"embeddable":true,"href":"https:\/\/nvnoticias.mx\/index.php\/wp-json\/wp\/v2\/comments?post=216034"}],"version-history":[{"count":1,"href":"https:\/\/nvnoticias.mx\/index.php\/wp-json\/wp\/v2\/posts\/216034\/revisions"}],"predecessor-version":[{"id":216035,"href":"https:\/\/nvnoticias.mx\/index.php\/wp-json\/wp\/v2\/posts\/216034\/revisions\/216035"}],"wp:featuredmedia":[{"embeddable":true,"href":"https:\/\/nvnoticias.mx\/index.php\/wp-json\/wp\/v2\/media\/95752"}],"wp:attachment":[{"href":"https:\/\/nvnoticias.mx\/index.php\/wp-json\/wp\/v2\/media?parent=216034"}],"wp:term":[{"taxonomy":"category","embeddable":true,"href":"https:\/\/nvnoticias.mx\/index.php\/wp-json\/wp\/v2\/categories?post=216034"},{"taxonomy":"post_tag","embeddable":true,"href":"https:\/\/nvnoticias.mx\/index.php\/wp-json\/wp\/v2\/tags?post=216034"}],"curies":[{"name":"wp","href":"https:\/\/api.w.org\/{rel}","templated":true}]}}