{"id":216027,"date":"2026-05-01T08:57:45","date_gmt":"2026-05-01T14:57:45","guid":{"rendered":"https:\/\/nvnoticias.mx\/?p=216027"},"modified":"2026-05-01T10:59:04","modified_gmt":"2026-05-01T16:59:04","slug":"piden-taxistas-mejores-precios-en-combustibles-y-mas-seguridad-2","status":"publish","type":"post","link":"https:\/\/nvnoticias.mx\/index.php\/2026\/05\/01\/piden-taxistas-mejores-precios-en-combustibles-y-mas-seguridad-2\/","title":{"rendered":"Piden taxistas mejores precios en combustibles y m\u00e1s seguridad"},"content":{"rendered":"\n<p><br><strong>Jes\u00fas Utrilla \/ NV Noticias <\/strong><\/p>\n\n\n\n<p><br>Taxistas de Veracruz demandaron mayor seguridad, calles en mejores condiciones, alumbrado p\u00fablico eficiente y un freno al incremento constante en el precio de los combustibles. <\/p>\n\n\n\n<p>El presidente de Sertacaver, Ra\u00fal Mendoza Alducin, se\u00f1al\u00f3 que el sector atraviesa una situaci\u00f3n complicada debido al aumento de gastos operativos, principalmente por el costo de la gasolina, que actualmente alcanza hasta los 28 pesos por litro en algunas estaciones de servicio.<\/p>\n\n\n\n<p><br>Dijo que los factores se\u00f1alados afectan severamente la actividad del gremio y que redujeron sus ingresos durante los \u00faltimos meses, pues aunque se anunci\u00f3 un acuerdo para mantener precios m\u00e1s bajos en los combustibles, en la pr\u00e1ctica las tarifas contin\u00faan elev\u00e1ndose, lo que repercute directamente no solo en los taxistas, sino tambi\u00e9n en la econom\u00eda de la poblaci\u00f3n en general debido al incremento en productos y servicios.<\/p>\n\n\n\n<p><br>\u201cEl impacto de la gasolina no solamente afecta al taxista, afecta al ciudadano en general porque todo se transporta v\u00eda terrestre y eso provoca aumentos en la canasta b\u00e1sica, en refacciones y en distintos servicios\u201d.<\/p>\n\n\n\n<p><br>Dijo que recientemente el trabajo disminuy\u00f3 considerablemente, pues la difusi\u00f3n de hechos negativos relacionados con la inseguridad desalent\u00f3 la llegada de turistas al puerto de Veracruz en fines de semana.<\/p>\n\n\n\n<p><br>Asimismo, pidi\u00f3 reforzar la vigilancia para evitar asaltos contra operadores del transporte p\u00fablico. En lo que va del a\u00f1o al menos tres taxistas afiliados a su agrupaci\u00f3n fueron v\u00edctimas de robo por parte de delincuentes que los abordaron en la zona centro y posteriormente los trasladaron a colonias apartadas para despojarlos de dinero y pertenencias.<\/p>\n\n\n\n<p><br>\u201cAfortunadamente no han resultado lesionados porque prefieren no oponer resistencia, pero s\u00ed les quitan celulares y efectivo\u201d.<\/p>\n\n\n\n<p><br>Las declaraciones fueron realizadas previo a la movilizaci\u00f3n organizada por integrantes del gremio taxista, quienes participaron en una marcha que parti\u00f3 del parque Zamora hacia la Macroplaza del Malec\u00f3n como parte de la conmemoraci\u00f3n del D\u00eda del Trabajo.<\/p>\n","protected":false},"excerpt":{"rendered":"<p>Jes\u00fas Utrilla \/ NV Noticias Taxistas de Veracruz demandaron mayor seguridad, calles en mejores condiciones, alumbrado p\u00fablico eficiente y un freno al incremento constante en el precio de los combustibles. El presidente de Sertacaver, Ra\u00fal Mendoza Alducin, se\u00f1al\u00f3 que el sector atraviesa una situaci\u00f3n complicada debido al aumento de gastos operativos, principalmente por el costo [&hellip;]<\/p>\n","protected":false},"author":8,"featured_media":216029,"comment_status":"open","ping_status":"open","sticky":false,"template":"","format":"standard","meta":{"_monsterinsights_skip_tracking":false,"_monsterinsights_sitenote_active":false,"_monsterinsights_sitenote_note":"","_monsterinsights_sitenote_category":0,"footnotes":""},"categories":[154],"tags":[1507,162,422,180],"class_list":["post-216027","post","type-post","status-publish","format-standard","has-post-thumbnail","hentry","category-veracruz","tag-marcha","tag-portada","tag-taxis","tag-veracruz","wp-image-borders"],"amp_enabled":true,"_links":{"self":[{"href":"https:\/\/nvnoticias.mx\/index.php\/wp-json\/wp\/v2\/posts\/216027","targetHints":{"allow":["GET"]}}],"collection":[{"href":"https:\/\/nvnoticias.mx\/index.php\/wp-json\/wp\/v2\/posts"}],"about":[{"href":"https:\/\/nvnoticias.mx\/index.php\/wp-json\/wp\/v2\/types\/post"}],"author":[{"embeddable":true,"href":"https:\/\/nvnoticias.mx\/index.php\/wp-json\/wp\/v2\/users\/8"}],"replies":[{"embeddable":true,"href":"https:\/\/nvnoticias.mx\/index.php\/wp-json\/wp\/v2\/comments?post=216027"}],"version-history":[{"count":1,"href":"https:\/\/nvnoticias.mx\/index.php\/wp-json\/wp\/v2\/posts\/216027\/revisions"}],"predecessor-version":[{"id":216030,"href":"https:\/\/nvnoticias.mx\/index.php\/wp-json\/wp\/v2\/posts\/216027\/revisions\/216030"}],"wp:featuredmedia":[{"embeddable":true,"href":"https:\/\/nvnoticias.mx\/index.php\/wp-json\/wp\/v2\/media\/216029"}],"wp:attachment":[{"href":"https:\/\/nvnoticias.mx\/index.php\/wp-json\/wp\/v2\/media?parent=216027"}],"wp:term":[{"taxonomy":"category","embeddable":true,"href":"https:\/\/nvnoticias.mx\/index.php\/wp-json\/wp\/v2\/categories?post=216027"},{"taxonomy":"post_tag","embeddable":true,"href":"https:\/\/nvnoticias.mx\/index.php\/wp-json\/wp\/v2\/tags?post=216027"}],"curies":[{"name":"wp","href":"https:\/\/api.w.org\/{rel}","templated":true}]}}