{"id":215997,"date":"2026-04-30T15:53:50","date_gmt":"2026-04-30T21:53:50","guid":{"rendered":"https:\/\/nvnoticias.mx\/?p=215997"},"modified":"2026-04-30T15:53:58","modified_gmt":"2026-04-30T21:53:58","slug":"mexico-sera-sede-de-la-viii-cumbre-con-la-union-europea-en-mayo-sheinbaum","status":"publish","type":"post","link":"https:\/\/nvnoticias.mx\/index.php\/2026\/04\/30\/mexico-sera-sede-de-la-viii-cumbre-con-la-union-europea-en-mayo-sheinbaum\/","title":{"rendered":"M\u00e9xico ser\u00e1 sede de la VIII cumbre con la Uni\u00f3n Europea en mayo: Sheinbaum"},"content":{"rendered":"\n<p>La presidenta Claudia Sheinbaum Pardo y el presidente del Consejo Europeo, Ant\u00f3nio Costa, acordaron celebrar la VIII Cumbre Uni\u00f3n Europea-M\u00e9xico el pr\u00f3ximo 22 de mayo en la Ciudad de M\u00e9xico. &nbsp;<\/p>\n\n\n\n<p>As\u00ed lo dio a conocer este jueves el funcionario de aquella regi\u00f3n, al informar que tuvo una llamada telef\u00f3nica con la mandataria mexicana. &nbsp;<\/p>\n\n\n\n<p>\u201cTras mi conversaci\u00f3n telef\u00f3nica con @ClaudiaShein, me complace anunciar que la pr\u00f3xima cumbre UE-M\u00e9xico tendr\u00e1 lugar el 22 de mayo en Ciudad de M\u00e9xico\u201d, indic\u00f3 Da Costa en redes sociales.&nbsp;&nbsp;<\/p>\n\n\n\n<p>Agreg\u00f3 que existe una visi\u00f3n com\u00fan del mundo, \u201cbasada en la defensa de la cooperaci\u00f3n, el crecimiento sostenible y el respeto por el derecho internacional\u201d. Lo anterior, dijo, une a &nbsp;Europa y a M\u00e9xico a ambos lados del oc\u00e9ano.&nbsp;<\/p>\n\n\n\n<p>\u201cEstoy deseando visitar M\u00e9xico para seguir avanzando en nuestras prioridades conjuntas: comercio, inversi\u00f3n, clima y medio ambiente, energ\u00eda, igualdad de g\u00e9nero, salud e investigaci\u00f3n\u201d.&nbsp;<\/p>\n\n\n\n<p>Fuente: La <a href=\"https:\/\/www.jornada.com.mx\/noticia\/2026\/04\/30\/politica\/viii-cumbre-uemexico-se-realizara-el-proximo-22-de-mayo-en-la-capital-del-pais\">Jornada<\/a> <\/p>\n","protected":false},"excerpt":{"rendered":"<p>La presidenta Claudia Sheinbaum Pardo y el presidente del Consejo Europeo, Ant\u00f3nio Costa, acordaron celebrar la VIII Cumbre Uni\u00f3n Europea-M\u00e9xico el pr\u00f3ximo 22 de mayo en la Ciudad de M\u00e9xico. &nbsp; As\u00ed lo dio a conocer este jueves el funcionario de aquella regi\u00f3n, al informar que tuvo una llamada telef\u00f3nica con la mandataria mexicana. &nbsp; [&hellip;]<\/p>\n","protected":false},"author":35,"featured_media":216000,"comment_status":"open","ping_status":"open","sticky":false,"template":"","format":"standard","meta":{"_monsterinsights_skip_tracking":false,"_monsterinsights_sitenote_active":false,"_monsterinsights_sitenote_note":"","_monsterinsights_sitenote_category":0,"footnotes":""},"categories":[158],"tags":[2801,292],"class_list":["post-215997","post","type-post","status-publish","format-standard","has-post-thumbnail","hentry","category-politica","tag-claudia-sheinbaum","tag-mexico","wp-image-borders"],"amp_enabled":true,"_links":{"self":[{"href":"https:\/\/nvnoticias.mx\/index.php\/wp-json\/wp\/v2\/posts\/215997","targetHints":{"allow":["GET"]}}],"collection":[{"href":"https:\/\/nvnoticias.mx\/index.php\/wp-json\/wp\/v2\/posts"}],"about":[{"href":"https:\/\/nvnoticias.mx\/index.php\/wp-json\/wp\/v2\/types\/post"}],"author":[{"embeddable":true,"href":"https:\/\/nvnoticias.mx\/index.php\/wp-json\/wp\/v2\/users\/35"}],"replies":[{"embeddable":true,"href":"https:\/\/nvnoticias.mx\/index.php\/wp-json\/wp\/v2\/comments?post=215997"}],"version-history":[{"count":4,"href":"https:\/\/nvnoticias.mx\/index.php\/wp-json\/wp\/v2\/posts\/215997\/revisions"}],"predecessor-version":[{"id":216003,"href":"https:\/\/nvnoticias.mx\/index.php\/wp-json\/wp\/v2\/posts\/215997\/revisions\/216003"}],"wp:featuredmedia":[{"embeddable":true,"href":"https:\/\/nvnoticias.mx\/index.php\/wp-json\/wp\/v2\/media\/216000"}],"wp:attachment":[{"href":"https:\/\/nvnoticias.mx\/index.php\/wp-json\/wp\/v2\/media?parent=215997"}],"wp:term":[{"taxonomy":"category","embeddable":true,"href":"https:\/\/nvnoticias.mx\/index.php\/wp-json\/wp\/v2\/categories?post=215997"},{"taxonomy":"post_tag","embeddable":true,"href":"https:\/\/nvnoticias.mx\/index.php\/wp-json\/wp\/v2\/tags?post=215997"}],"curies":[{"name":"wp","href":"https:\/\/api.w.org\/{rel}","templated":true}]}}