{"id":215994,"date":"2026-04-30T15:50:50","date_gmt":"2026-04-30T21:50:50","guid":{"rendered":"https:\/\/nvnoticias.mx\/?p=215994"},"modified":"2026-04-30T15:50:57","modified_gmt":"2026-04-30T21:50:57","slug":"rezago-vial-de-hasta-30-anos-en-el-norte-reconstruccion-por-lluvias-se-combina-con-nuevas-obras-carreteras","status":"publish","type":"post","link":"https:\/\/nvnoticias.mx\/index.php\/2026\/04\/30\/rezago-vial-de-hasta-30-anos-en-el-norte-reconstruccion-por-lluvias-se-combina-con-nuevas-obras-carreteras\/","title":{"rendered":"Rezago vial de hasta 30 a\u00f1os en el norte; reconstrucci\u00f3n por lluvias se combina con nuevas obras carreteras"},"content":{"rendered":"\n<p><\/p>\n\n\n\n<p><strong>Sam Ojeda \/ NV Noticias<\/strong><\/p>\n\n\n\n<p>Xalapa.- El norte de Veracruz enfrenta un rezago carretero acumulado de hasta 30 a\u00f1os, en una regi\u00f3n donde este a\u00f1o se intervendr\u00e1n tramos tanto por el abandono hist\u00f3rico como por los da\u00f1os provocados por las lluvias de octubre de 2025, con obras a cargo de instancias federales y estatales.<\/p>\n\n\n\n<p>La gobernadora Roc\u00edo Nahle Garc\u00eda se\u00f1al\u00f3 que el deterioro de la red vial es resultado de d\u00e9cadas sin mantenimiento en varios puntos del estado.<\/p>\n\n\n\n<p>\u201cEn el norte hab\u00eda carreteras que ten\u00edan hasta 30 a\u00f1os de olvido como la de Huejutla a Plat\u00f3n S\u00e1nchez que ya qued\u00f3 bastante bien y continuamos Plat\u00f3n S\u00e1nchez-Tempoal y la P\u00e1nuco-Tampoal\u201d.<\/p>\n\n\n\n<p>Indic\u00f3 que, adem\u00e1s de la rehabilitaci\u00f3n de estos tramos, se ejecutar\u00e1 un programa de reconstrucci\u00f3n derivado de las afectaciones por lluvias torrenciales, particularmente en zonas como Huayacocotla.<\/p>\n\n\n\n<p>\u201cVamos a hacer reconstrucci\u00f3n por las lluvias torrenciales de octubre pasado\u201d.<\/p>\n\n\n\n<p>Explic\u00f3 que las obras se dividir\u00e1n entre la Secretar\u00eda de Infraestructura, Comunicaciones y Transportes (SICT), que atender\u00e1 puentes y carreteras en la regi\u00f3n, y la Secretar\u00eda de Infraestructura y Obras P\u00fablicas (SIOP), que intervendr\u00e1 otros tramos.<\/p>\n\n\n\n<p>\u201cLa SICT inicia con 16 \u00f3 18 puentes en toda la zona y todas las carreteras; otros los hacemos nosotros a trav\u00e9s de la Secretar\u00eda de Infraestructura y Obras P\u00fablicas\u201d.<\/p>\n\n\n\n<p>A\u00f1adi\u00f3 que el plan de intervenci\u00f3n tambi\u00e9n contempla nuevas obras carreteras en distintas zonas del norte, adem\u00e1s de las acciones de reconstrucci\u00f3n.<\/p>\n\n\n\n<p>\u201cEste a\u00f1o entramos a zona de Ixhuatl\u00e1n de Madero, \u00c1lamo, Puerta Siete, Tlalchichilco\u201d.<\/p>\n\n\n\n<p>En el Totonacapan, se\u00f1al\u00f3, ya se ejecutan trabajos de rehabilitaci\u00f3n y se han anunciado nuevos proyectos viales.<\/p>\n\n\n\n<p>\u201cEn la zona del Totonacapan traemos mucha reconstrucci\u00f3n, de Espinal-Papantla, anunciamos de Espinal a Coyutla\u201d.<\/p>\n\n\n\n<p>La mandataria indic\u00f3 que el paquete de carreteras a intervenir ya fue aprobado, lo que permitir\u00e1 avanzar de forma simult\u00e1nea en la reparaci\u00f3n de infraestructura da\u00f1ada y en nuevas conexiones viales.<\/p>\n","protected":false},"excerpt":{"rendered":"<p>Sam Ojeda \/ NV Noticias Xalapa.- El norte de Veracruz enfrenta un rezago carretero acumulado de hasta 30 a\u00f1os, en una regi\u00f3n donde este a\u00f1o se intervendr\u00e1n tramos tanto por el abandono hist\u00f3rico como por los da\u00f1os provocados por las lluvias de octubre de 2025, con obras a cargo de instancias federales y estatales. La [&hellip;]<\/p>\n","protected":false},"author":8,"featured_media":88269,"comment_status":"open","ping_status":"open","sticky":false,"template":"","format":"standard","meta":{"_monsterinsights_skip_tracking":false,"_monsterinsights_sitenote_active":false,"_monsterinsights_sitenote_note":"","_monsterinsights_sitenote_category":0,"footnotes":""},"categories":[156],"tags":[33317],"class_list":["post-215994","post","type-post","status-publish","format-standard","has-post-thumbnail","hentry","category-estado","tag-rezago-vial","wp-image-borders"],"amp_enabled":true,"_links":{"self":[{"href":"https:\/\/nvnoticias.mx\/index.php\/wp-json\/wp\/v2\/posts\/215994","targetHints":{"allow":["GET"]}}],"collection":[{"href":"https:\/\/nvnoticias.mx\/index.php\/wp-json\/wp\/v2\/posts"}],"about":[{"href":"https:\/\/nvnoticias.mx\/index.php\/wp-json\/wp\/v2\/types\/post"}],"author":[{"embeddable":true,"href":"https:\/\/nvnoticias.mx\/index.php\/wp-json\/wp\/v2\/users\/8"}],"replies":[{"embeddable":true,"href":"https:\/\/nvnoticias.mx\/index.php\/wp-json\/wp\/v2\/comments?post=215994"}],"version-history":[{"count":1,"href":"https:\/\/nvnoticias.mx\/index.php\/wp-json\/wp\/v2\/posts\/215994\/revisions"}],"predecessor-version":[{"id":215998,"href":"https:\/\/nvnoticias.mx\/index.php\/wp-json\/wp\/v2\/posts\/215994\/revisions\/215998"}],"wp:featuredmedia":[{"embeddable":true,"href":"https:\/\/nvnoticias.mx\/index.php\/wp-json\/wp\/v2\/media\/88269"}],"wp:attachment":[{"href":"https:\/\/nvnoticias.mx\/index.php\/wp-json\/wp\/v2\/media?parent=215994"}],"wp:term":[{"taxonomy":"category","embeddable":true,"href":"https:\/\/nvnoticias.mx\/index.php\/wp-json\/wp\/v2\/categories?post=215994"},{"taxonomy":"post_tag","embeddable":true,"href":"https:\/\/nvnoticias.mx\/index.php\/wp-json\/wp\/v2\/tags?post=215994"}],"curies":[{"name":"wp","href":"https:\/\/api.w.org\/{rel}","templated":true}]}}