{"id":215990,"date":"2026-04-30T15:50:14","date_gmt":"2026-04-30T21:50:14","guid":{"rendered":"https:\/\/nvnoticias.mx\/?p=215990"},"modified":"2026-04-30T15:50:24","modified_gmt":"2026-04-30T21:50:24","slug":"dirigencia-del-pri-pide-al-ine-sanciones-para-morena-por-caso-rocha-moya","status":"publish","type":"post","link":"https:\/\/nvnoticias.mx\/index.php\/2026\/04\/30\/dirigencia-del-pri-pide-al-ine-sanciones-para-morena-por-caso-rocha-moya\/","title":{"rendered":"Dirigencia del PRI pide al INE sanciones para Morena por caso Rocha Moya"},"content":{"rendered":"\n<p>El dirigente del PRI, Alejandro Moreno, exigi\u00f3 al Instituto Nacional Electoral (INE) que retire a Morena el registro como partido pol\u00edtico, pues, consider\u00f3 que tiene v\u00ednculos con la delincuencia.<\/p>\n\n\n\n<p>En conferencia de prensa, se\u00f1al\u00f3 que Morena &#8220;no merece participar en las elecciones por una raz\u00f3n: porque ellos tienen al crimen organizado de su lado\u201d.<\/p>\n\n\n\n<p>Moreno insisti\u00f3 en que el partido guinda gan\u00f3 las elecciones con el apoyo de la delincuencia. \u201cTenemos todo el procedimiento legal y jur\u00eddico para acreditar que hay una repetici\u00f3n de hechos desde hace a\u00f1os, que nos da la raz\u00f3n para solicitar que Morena pierda el registro como partido pol\u00edtico\u201d.<\/p>\n\n\n\n<p>Luego de que un juez estadunidense inicio un proceso judicial contra el gobernador de Sinaloa y otros pol\u00edticos, Moreno estim\u00f3 que esto ratifica que integrantes del gobierno hicieron un pacto inconfesable con el crimen organizado. \u201cConfirma lo que hemos venido se\u00f1alando desde el PRI en los \u00faltimos a\u00f1os\u201d.<\/p>\n\n\n\n<p>El pri\u00edsta anunci\u00f3 que seguir\u00e1 denunciando en el exterior el presunto vinculo de Morena con la delincuencia.<\/p>\n\n\n\n<p>Fuente: La <a href=\"https:\/\/www.jornada.com.mx\/noticia\/2026\/04\/30\/politica\/alito-moreno-pide-al-ine-sanciones-para-morena\">Jornada<\/a> <\/p>\n","protected":false},"excerpt":{"rendered":"<p>El dirigente del PRI, Alejandro Moreno, exigi\u00f3 al Instituto Nacional Electoral (INE) que retire a Morena el registro como partido pol\u00edtico, pues, consider\u00f3 que tiene v\u00ednculos con la delincuencia. En conferencia de prensa, se\u00f1al\u00f3 que Morena &#8220;no merece participar en las elecciones por una raz\u00f3n: porque ellos tienen al crimen organizado de su lado\u201d. Moreno [&hellip;]<\/p>\n","protected":false},"author":35,"featured_media":215995,"comment_status":"open","ping_status":"open","sticky":false,"template":"","format":"standard","meta":{"_monsterinsights_skip_tracking":false,"_monsterinsights_sitenote_active":false,"_monsterinsights_sitenote_note":"","_monsterinsights_sitenote_category":0,"footnotes":""},"categories":[158],"tags":[443,252,208,31404],"class_list":["post-215990","post","type-post","status-publish","format-standard","has-post-thumbnail","hentry","category-politica","tag-ine","tag-morena","tag-pri","tag-ruben-rocha-moya-2","wp-image-borders"],"amp_enabled":true,"_links":{"self":[{"href":"https:\/\/nvnoticias.mx\/index.php\/wp-json\/wp\/v2\/posts\/215990","targetHints":{"allow":["GET"]}}],"collection":[{"href":"https:\/\/nvnoticias.mx\/index.php\/wp-json\/wp\/v2\/posts"}],"about":[{"href":"https:\/\/nvnoticias.mx\/index.php\/wp-json\/wp\/v2\/types\/post"}],"author":[{"embeddable":true,"href":"https:\/\/nvnoticias.mx\/index.php\/wp-json\/wp\/v2\/users\/35"}],"replies":[{"embeddable":true,"href":"https:\/\/nvnoticias.mx\/index.php\/wp-json\/wp\/v2\/comments?post=215990"}],"version-history":[{"count":2,"href":"https:\/\/nvnoticias.mx\/index.php\/wp-json\/wp\/v2\/posts\/215990\/revisions"}],"predecessor-version":[{"id":215996,"href":"https:\/\/nvnoticias.mx\/index.php\/wp-json\/wp\/v2\/posts\/215990\/revisions\/215996"}],"wp:featuredmedia":[{"embeddable":true,"href":"https:\/\/nvnoticias.mx\/index.php\/wp-json\/wp\/v2\/media\/215995"}],"wp:attachment":[{"href":"https:\/\/nvnoticias.mx\/index.php\/wp-json\/wp\/v2\/media?parent=215990"}],"wp:term":[{"taxonomy":"category","embeddable":true,"href":"https:\/\/nvnoticias.mx\/index.php\/wp-json\/wp\/v2\/categories?post=215990"},{"taxonomy":"post_tag","embeddable":true,"href":"https:\/\/nvnoticias.mx\/index.php\/wp-json\/wp\/v2\/tags?post=215990"}],"curies":[{"name":"wp","href":"https:\/\/api.w.org\/{rel}","templated":true}]}}