{"id":215987,"date":"2026-04-30T15:47:41","date_gmt":"2026-04-30T21:47:41","guid":{"rendered":"https:\/\/nvnoticias.mx\/?p=215987"},"modified":"2026-04-30T15:47:48","modified_gmt":"2026-04-30T21:47:48","slug":"cce-fortalece-alianza-con-la-universidad-cristobal-colon-para-impulsar-desarrollo-regional","status":"publish","type":"post","link":"https:\/\/nvnoticias.mx\/index.php\/2026\/04\/30\/cce-fortalece-alianza-con-la-universidad-cristobal-colon-para-impulsar-desarrollo-regional\/","title":{"rendered":"CCE fortalece alianza con la Universidad Crist\u00f3bal Col\u00f3n para impulsar desarrollo regional"},"content":{"rendered":"\n<p><\/p>\n\n\n\n<p><strong>Jes\u00fas Utrilla \/ NV Noticias <\/strong><\/p>\n\n\n\n<p>El Consejo Coordinador Empresarial Veracruz\u2013Boca del R\u00edo realiz\u00f3 una reuni\u00f3n de trabajo con el rector de la Universidad Crist\u00f3bal Col\u00f3n, Francisco Javier Alonso Arroyo, en la que se abord\u00f3 la importancia de fortalecer la vinculaci\u00f3n entre el sector empresarial y la academia. <\/p>\n\n\n\n<p>Durante el encuentro, encabezado por el presidente del CCE, Jorge Rafael Alard\u00edn C\u00f3rdova, se destac\u00f3 la necesidad de impulsar proyectos conjuntos orientados a la formaci\u00f3n de nuevas generaciones, el desarrollo regional y la construcci\u00f3n de alianzas estrat\u00e9gicas entre universidades y empresas.<\/p>\n\n\n\n<p>Alard\u00edn C\u00f3rdoba afirm\u00f3 que la relaci\u00f3n entre empresarios y academia resulta fundamental para enfrentar los retos actuales y construir estrategias conjuntas que beneficien tanto al sector productivo como a los j\u00f3venes universitarios.<\/p>\n\n\n\n<p>\u201cEl reino empresarial requiere esta vinculaci\u00f3n, es fundamental para nosotros poder tener estos acercamientos, as\u00ed como tambi\u00e9n tener la oportunidad de llevar un mensaje a las nuevas generaciones\u201d.<\/p>\n\n\n\n<p>Reconoci\u00f3 la disposici\u00f3n del rector para participar en el encuentro y destac\u00f3 su perfil acad\u00e9mico y humano, luego de sostener previamente una reuni\u00f3n en las instalaciones de la universidad.<\/p>\n\n\n\n<p>Por su parte, Francisco Javier Alonso Arroyo comparti\u00f3 parte de su visi\u00f3n sobre el futuro de la educaci\u00f3n superior y el papel que deben asumir las universidades ante los cambios globales. <\/p>\n\n\n\n<p>Dijo que su experiencia internacional dentro de la orden escolapia le ha permitido conocer distintos modelos educativos y observar las necesidades actuales de formaci\u00f3n.<\/p>\n\n\n\n<p>El rector explic\u00f3 que ha participado en proyectos educativos en diversos pa\u00edses y asegur\u00f3 que la educaci\u00f3n debe mantenerse cercana a las nuevas generaciones, adapt\u00e1ndose a los retos sociales y econ\u00f3micos de cada regi\u00f3n.<\/p>\n\n\n\n<p>\u201cSoy un apasionado de la educaci\u00f3n. Inici\u00e9 mi trayectoria dando clases a ni\u00f1os de primaria y posteriormente asum\u00ed responsabilidades de coordinaci\u00f3n y direcci\u00f3n educativa\u201d.<\/p>\n\n\n\n<p>La reuni\u00f3n se realiz\u00f3 en la sede del consejo empresarial ubicada en el centro de Veracruz, donde representantes del sector productivo intercambiaron opiniones sobre la importancia de generar alianzas con instituciones acad\u00e9micas para fortalecer el desarrollo regional.<\/p>\n","protected":false},"excerpt":{"rendered":"<p>Jes\u00fas Utrilla \/ NV Noticias El Consejo Coordinador Empresarial Veracruz\u2013Boca del R\u00edo realiz\u00f3 una reuni\u00f3n de trabajo con el rector de la Universidad Crist\u00f3bal Col\u00f3n, Francisco Javier Alonso Arroyo, en la que se abord\u00f3 la importancia de fortalecer la vinculaci\u00f3n entre el sector empresarial y la academia. Durante el encuentro, encabezado por el presidente del [&hellip;]<\/p>\n","protected":false},"author":8,"featured_media":215991,"comment_status":"open","ping_status":"open","sticky":false,"template":"","format":"standard","meta":{"_monsterinsights_skip_tracking":false,"_monsterinsights_sitenote_active":false,"_monsterinsights_sitenote_note":"","_monsterinsights_sitenote_category":0,"footnotes":""},"categories":[154],"tags":[323,30444,8499],"class_list":["post-215987","post","type-post","status-publish","format-standard","has-post-thumbnail","hentry","category-veracruz","tag-alianza","tag-cce-veracruz","tag-universidad-cristobal-colon","wp-image-borders"],"amp_enabled":true,"_links":{"self":[{"href":"https:\/\/nvnoticias.mx\/index.php\/wp-json\/wp\/v2\/posts\/215987","targetHints":{"allow":["GET"]}}],"collection":[{"href":"https:\/\/nvnoticias.mx\/index.php\/wp-json\/wp\/v2\/posts"}],"about":[{"href":"https:\/\/nvnoticias.mx\/index.php\/wp-json\/wp\/v2\/types\/post"}],"author":[{"embeddable":true,"href":"https:\/\/nvnoticias.mx\/index.php\/wp-json\/wp\/v2\/users\/8"}],"replies":[{"embeddable":true,"href":"https:\/\/nvnoticias.mx\/index.php\/wp-json\/wp\/v2\/comments?post=215987"}],"version-history":[{"count":1,"href":"https:\/\/nvnoticias.mx\/index.php\/wp-json\/wp\/v2\/posts\/215987\/revisions"}],"predecessor-version":[{"id":215992,"href":"https:\/\/nvnoticias.mx\/index.php\/wp-json\/wp\/v2\/posts\/215987\/revisions\/215992"}],"wp:featuredmedia":[{"embeddable":true,"href":"https:\/\/nvnoticias.mx\/index.php\/wp-json\/wp\/v2\/media\/215991"}],"wp:attachment":[{"href":"https:\/\/nvnoticias.mx\/index.php\/wp-json\/wp\/v2\/media?parent=215987"}],"wp:term":[{"taxonomy":"category","embeddable":true,"href":"https:\/\/nvnoticias.mx\/index.php\/wp-json\/wp\/v2\/categories?post=215987"},{"taxonomy":"post_tag","embeddable":true,"href":"https:\/\/nvnoticias.mx\/index.php\/wp-json\/wp\/v2\/tags?post=215987"}],"curies":[{"name":"wp","href":"https:\/\/api.w.org\/{rel}","templated":true}]}}