{"id":215984,"date":"2026-04-30T15:44:35","date_gmt":"2026-04-30T21:44:35","guid":{"rendered":"https:\/\/nvnoticias.mx\/?p=215984"},"modified":"2026-04-30T15:44:44","modified_gmt":"2026-04-30T21:44:44","slug":"desfile-del-1-de-mayo-en-xalapa-se-realizara-bajo-el-dia-mas-caluroso-de-la-ola-de-calor","status":"publish","type":"post","link":"https:\/\/nvnoticias.mx\/index.php\/2026\/04\/30\/desfile-del-1-de-mayo-en-xalapa-se-realizara-bajo-el-dia-mas-caluroso-de-la-ola-de-calor\/","title":{"rendered":"Desfile del 1 de mayo en Xalapa se realizar\u00e1 bajo el d\u00eda m\u00e1s caluroso de la ola de calor"},"content":{"rendered":"\n<p><\/p>\n\n\n\n<p><strong>Sam Ojeda \/ NV Noticias<\/strong><\/p>\n\n\n\n<p>Xalapa.- La conmemoraci\u00f3n del D\u00eda del Trabajo en Xalapa, que prev\u00e9 reunir a unos 65 mil trabajadores, coincidir\u00e1 con el punto m\u00e1s intenso de la actual ola de calor en Veracruz, con temperaturas que podr\u00edan alcanzar hasta los 35 grados Celsius.<\/p>\n\n\n\n<p>La jefa de Hidrometeorolog\u00eda del Organismo Cuenca-Golfo Centro de la Conagua, Jessica Luna Lagunes, advirti\u00f3 que el viernes se perfila como la jornada m\u00e1s extrema en cuanto a calor.<\/p>\n\n\n\n<p>\u201cUn d\u00eda bastante caluroso, posiblemente sea el m\u00e1s caluroso, de esta ola de calor que se ha presentado en el estado de Veracruz\u201d.<\/p>\n\n\n\n<p>Explic\u00f3 que las condiciones de altas temperaturas no solo se mantendr\u00e1n, sino que podr\u00edan incrementarse ligeramente respecto a d\u00edas previos.<\/p>\n\n\n\n<p>\u201cContinuar\u00e1 temperatura alta muy alta en gran parte del estado de Veracruz. Incluso se est\u00e1 previendo que ma\u00f1ana incremente de uno o dos grados m\u00e1s en comparaci\u00f3n a lo que se est\u00e1 registrando el d\u00eda de hoy\u201d.<\/p>\n\n\n\n<p>Ante este escenario, llam\u00f3 a quienes participen en el desfile o acudan como espectadores a tomar medidas preventivas para evitar afectaciones a la salud.<\/p>\n\n\n\n<p>\u201cLa recomendaci\u00f3n para los que asisten al desfile es, de preferencia, vestir en tonos claros, ropa ligera, utilizar alguna gorra, alg\u00fan sombrero, alguna sombrilla, para protegernos de los rayos del sol y sobre todo mantenernos hidratados para tambi\u00e9n no sufrir alg\u00fan golpe de calor\u201d.<\/p>\n\n\n\n<p>Tambi\u00e9n pidi\u00f3 atenci\u00f3n a posibles s\u00edntomas asociados a la exposici\u00f3n prolongada al calor.<\/p>\n\n\n\n<p>\u201cSi las personas empiezan a sentir mal, mareadas, a presentar n\u00e1useas, es recomendable acudir con alg\u00fan m\u00e9dico o alguien cercano para que lo puedan auxiliar y no presente mayores complicaciones\u201d.<\/p>\n\n\n\n<p>La especialista agreg\u00f3 que hacia el fin de semana se prev\u00e9 un cambio gradual en las condiciones del tiempo con la llegada de un frente fr\u00edo.<\/p>\n\n\n\n<p>\u201cEl s\u00e1bado estar\u00eda ingresando la condici\u00f3n de una disminuci\u00f3n o un refrescamiento, pero se va a sentir m\u00e1s hacia el d\u00eda domingo\u201d.<\/p>\n","protected":false},"excerpt":{"rendered":"<p>Sam Ojeda \/ NV Noticias Xalapa.- La conmemoraci\u00f3n del D\u00eda del Trabajo en Xalapa, que prev\u00e9 reunir a unos 65 mil trabajadores, coincidir\u00e1 con el punto m\u00e1s intenso de la actual ola de calor en Veracruz, con temperaturas que podr\u00edan alcanzar hasta los 35 grados Celsius. La jefa de Hidrometeorolog\u00eda del Organismo Cuenca-Golfo Centro de [&hellip;]<\/p>\n","protected":false},"author":8,"featured_media":159866,"comment_status":"open","ping_status":"open","sticky":false,"template":"","format":"standard","meta":{"_monsterinsights_skip_tracking":false,"_monsterinsights_sitenote_active":false,"_monsterinsights_sitenote_note":"","_monsterinsights_sitenote_category":0,"footnotes":""},"categories":[156],"tags":[3343,3345],"class_list":["post-215984","post","type-post","status-publish","format-standard","has-post-thumbnail","hentry","category-estado","tag-1-de-mayo","tag-desfile","wp-image-borders"],"amp_enabled":true,"_links":{"self":[{"href":"https:\/\/nvnoticias.mx\/index.php\/wp-json\/wp\/v2\/posts\/215984","targetHints":{"allow":["GET"]}}],"collection":[{"href":"https:\/\/nvnoticias.mx\/index.php\/wp-json\/wp\/v2\/posts"}],"about":[{"href":"https:\/\/nvnoticias.mx\/index.php\/wp-json\/wp\/v2\/types\/post"}],"author":[{"embeddable":true,"href":"https:\/\/nvnoticias.mx\/index.php\/wp-json\/wp\/v2\/users\/8"}],"replies":[{"embeddable":true,"href":"https:\/\/nvnoticias.mx\/index.php\/wp-json\/wp\/v2\/comments?post=215984"}],"version-history":[{"count":1,"href":"https:\/\/nvnoticias.mx\/index.php\/wp-json\/wp\/v2\/posts\/215984\/revisions"}],"predecessor-version":[{"id":215985,"href":"https:\/\/nvnoticias.mx\/index.php\/wp-json\/wp\/v2\/posts\/215984\/revisions\/215985"}],"wp:featuredmedia":[{"embeddable":true,"href":"https:\/\/nvnoticias.mx\/index.php\/wp-json\/wp\/v2\/media\/159866"}],"wp:attachment":[{"href":"https:\/\/nvnoticias.mx\/index.php\/wp-json\/wp\/v2\/media?parent=215984"}],"wp:term":[{"taxonomy":"category","embeddable":true,"href":"https:\/\/nvnoticias.mx\/index.php\/wp-json\/wp\/v2\/categories?post=215984"},{"taxonomy":"post_tag","embeddable":true,"href":"https:\/\/nvnoticias.mx\/index.php\/wp-json\/wp\/v2\/tags?post=215984"}],"curies":[{"name":"wp","href":"https:\/\/api.w.org\/{rel}","templated":true}]}}