{"id":215973,"date":"2026-04-30T15:32:59","date_gmt":"2026-04-30T21:32:59","guid":{"rendered":"https:\/\/nvnoticias.mx\/?p=215973"},"modified":"2026-04-30T15:33:07","modified_gmt":"2026-04-30T21:33:07","slug":"donald-trump-podria-figurar-entre-nominados-al-premio-nobel-de-la-paz-2026","status":"publish","type":"post","link":"https:\/\/nvnoticias.mx\/index.php\/2026\/04\/30\/donald-trump-podria-figurar-entre-nominados-al-premio-nobel-de-la-paz-2026\/","title":{"rendered":"Donald Trump podr\u00eda figurar entre nominados al Premio Nobel de la Paz 2026"},"content":{"rendered":"\n<p>Unos 287 candidatos ser\u00e1n considerados para el Premio Nobel de la Paz de 2026, seg\u00fan inform\u00f3 este jueves el secretario del Comit\u00e9 Noruego del Nobel, y es probable que el presidente de Estados Unidos, Donald Trump, figura entre los nominados.<\/p>\n\n\n\n<p>De las candidaturas de este a\u00f1o, 208 son personas y 79 son organizaciones, dijo Kristian Berg Harpviken, quien agreg\u00f3 que hab\u00eda muchos nuevos candidatos en comparaci\u00f3n con el a\u00f1o pasado.<\/p>\n\n\n\n<p>&#8220;Dado que soy nuevo en el cargo, una de las cosas que me ha sorprendido en cierta medida es la gran renovaci\u00f3n que hay de un a\u00f1o a otro en la lista&#8221;, agreg\u00f3 Harpviken en una entrevista. Ocupa el cargo desde enero de 2025.<\/p>\n\n\n\n<p>A pesar del aumento de los conflictos en todo el mundo y de la presi\u00f3n a la que se ve, el premio sigue siendo relevante, indic\u00f3.<\/p>\n\n\n\n<p>&#8220;El Premio de la Paz es a\u00fan m\u00e1s importante en un per\u00edodo como el que estamos viviendo&#8221;, afirm\u00f3. &#8220;Hay tanto trabajo bueno, si no m\u00e1s, como siempre&#8221;.<\/p>\n\n\n\n<p>Fuente: La <a href=\"https:\/\/www.jornada.com.mx\/noticia\/2026\/04\/30\/mundo\/donald-trump-es-un-posible-nominado-al-premio-nobel-de-la-paz-2026\">Jornada<\/a><\/p>\n","protected":false},"excerpt":{"rendered":"<p>Unos 287 candidatos ser\u00e1n considerados para el Premio Nobel de la Paz de 2026, seg\u00fan inform\u00f3 este jueves el secretario del Comit\u00e9 Noruego del Nobel, y es probable que el presidente de Estados Unidos, Donald Trump, figura entre los nominados. De las candidaturas de este a\u00f1o, 208 son personas y 79 son organizaciones, dijo Kristian [&hellip;]<\/p>\n","protected":false},"author":35,"featured_media":215976,"comment_status":"open","ping_status":"open","sticky":false,"template":"","format":"standard","meta":{"_monsterinsights_skip_tracking":false,"_monsterinsights_sitenote_active":false,"_monsterinsights_sitenote_note":"","_monsterinsights_sitenote_category":0,"footnotes":""},"categories":[181],"tags":[230],"class_list":["post-215973","post","type-post","status-publish","format-standard","has-post-thumbnail","hentry","category-internacional","tag-donald-trump","wp-image-borders"],"amp_enabled":true,"_links":{"self":[{"href":"https:\/\/nvnoticias.mx\/index.php\/wp-json\/wp\/v2\/posts\/215973","targetHints":{"allow":["GET"]}}],"collection":[{"href":"https:\/\/nvnoticias.mx\/index.php\/wp-json\/wp\/v2\/posts"}],"about":[{"href":"https:\/\/nvnoticias.mx\/index.php\/wp-json\/wp\/v2\/types\/post"}],"author":[{"embeddable":true,"href":"https:\/\/nvnoticias.mx\/index.php\/wp-json\/wp\/v2\/users\/35"}],"replies":[{"embeddable":true,"href":"https:\/\/nvnoticias.mx\/index.php\/wp-json\/wp\/v2\/comments?post=215973"}],"version-history":[{"count":3,"href":"https:\/\/nvnoticias.mx\/index.php\/wp-json\/wp\/v2\/posts\/215973\/revisions"}],"predecessor-version":[{"id":215977,"href":"https:\/\/nvnoticias.mx\/index.php\/wp-json\/wp\/v2\/posts\/215973\/revisions\/215977"}],"wp:featuredmedia":[{"embeddable":true,"href":"https:\/\/nvnoticias.mx\/index.php\/wp-json\/wp\/v2\/media\/215976"}],"wp:attachment":[{"href":"https:\/\/nvnoticias.mx\/index.php\/wp-json\/wp\/v2\/media?parent=215973"}],"wp:term":[{"taxonomy":"category","embeddable":true,"href":"https:\/\/nvnoticias.mx\/index.php\/wp-json\/wp\/v2\/categories?post=215973"},{"taxonomy":"post_tag","embeddable":true,"href":"https:\/\/nvnoticias.mx\/index.php\/wp-json\/wp\/v2\/tags?post=215973"}],"curies":[{"name":"wp","href":"https:\/\/api.w.org\/{rel}","templated":true}]}}