{"id":215960,"date":"2026-04-30T12:17:23","date_gmt":"2026-04-30T18:17:23","guid":{"rendered":"https:\/\/nvnoticias.mx\/?p=215960"},"modified":"2026-04-30T12:17:30","modified_gmt":"2026-04-30T18:17:30","slug":"iran-anuncia-nuevo-capitulo-en-ormuz","status":"publish","type":"post","link":"https:\/\/nvnoticias.mx\/index.php\/2026\/04\/30\/iran-anuncia-nuevo-capitulo-en-ormuz\/","title":{"rendered":"Ir\u00e1n anuncia nuevo cap\u00edtulo en Ormuz"},"content":{"rendered":"\n<p><em>&nbsp;<\/em>El nuevo l\u00edder supremo de Ir\u00e1n, Mojtaba Jamenei, afirm\u00f3 este jueves en un mensaje escrito publicado que se est\u00e1 gestando un nuevo cap\u00edtulo para el golfo P\u00e9rsico y el estrecho de Ormuz desde que estall\u00f3 la guerra contra Estados Unidos e Israel el 28 de febrero.<\/p>\n\n\n\n<p>Jamenei dijo que Teher\u00e1n garantizar\u00e1 la seguridad de la regi\u00f3n y eliminar\u00e1 lo que ha descrito como &#8220;abusos del enemigo sobre la v\u00eda navegable&#8221;.<\/p>\n\n\n\n<p>Asimismo, indic\u00f3 que la nueva gesti\u00f3n del estrecho de Ormuz traer\u00e1 calma, progreso y beneficios econ\u00f3micos a todas las naciones del golfo.<\/p>\n\n\n\n<p>Fuente: La <a href=\"https:\/\/www.jornada.com.mx\/noticia\/2026\/04\/30\/mundo\/iran-anuncia-nuevo-capitulo-en-ormuz-teheran-garantizara-la-seguridad-de-la-region\">Jornada<\/a><\/p>\n","protected":false},"excerpt":{"rendered":"<p>&nbsp;El nuevo l\u00edder supremo de Ir\u00e1n, Mojtaba Jamenei, afirm\u00f3 este jueves en un mensaje escrito publicado que se est\u00e1 gestando un nuevo cap\u00edtulo para el golfo P\u00e9rsico y el estrecho de Ormuz desde que estall\u00f3 la guerra contra Estados Unidos e Israel el 28 de febrero. Jamenei dijo que Teher\u00e1n garantizar\u00e1 la seguridad de la [&hellip;]<\/p>\n","protected":false},"author":35,"featured_media":215961,"comment_status":"open","ping_status":"open","sticky":false,"template":"","format":"standard","meta":{"_monsterinsights_skip_tracking":false,"_monsterinsights_sitenote_active":false,"_monsterinsights_sitenote_note":"","_monsterinsights_sitenote_category":0,"footnotes":""},"categories":[181],"tags":[33093],"class_list":["post-215960","post","type-post","status-publish","format-standard","has-post-thumbnail","hentry","category-internacional","tag-estrecho-de-ormuz","wp-image-borders"],"amp_enabled":true,"_links":{"self":[{"href":"https:\/\/nvnoticias.mx\/index.php\/wp-json\/wp\/v2\/posts\/215960","targetHints":{"allow":["GET"]}}],"collection":[{"href":"https:\/\/nvnoticias.mx\/index.php\/wp-json\/wp\/v2\/posts"}],"about":[{"href":"https:\/\/nvnoticias.mx\/index.php\/wp-json\/wp\/v2\/types\/post"}],"author":[{"embeddable":true,"href":"https:\/\/nvnoticias.mx\/index.php\/wp-json\/wp\/v2\/users\/35"}],"replies":[{"embeddable":true,"href":"https:\/\/nvnoticias.mx\/index.php\/wp-json\/wp\/v2\/comments?post=215960"}],"version-history":[{"count":3,"href":"https:\/\/nvnoticias.mx\/index.php\/wp-json\/wp\/v2\/posts\/215960\/revisions"}],"predecessor-version":[{"id":215964,"href":"https:\/\/nvnoticias.mx\/index.php\/wp-json\/wp\/v2\/posts\/215960\/revisions\/215964"}],"wp:featuredmedia":[{"embeddable":true,"href":"https:\/\/nvnoticias.mx\/index.php\/wp-json\/wp\/v2\/media\/215961"}],"wp:attachment":[{"href":"https:\/\/nvnoticias.mx\/index.php\/wp-json\/wp\/v2\/media?parent=215960"}],"wp:term":[{"taxonomy":"category","embeddable":true,"href":"https:\/\/nvnoticias.mx\/index.php\/wp-json\/wp\/v2\/categories?post=215960"},{"taxonomy":"post_tag","embeddable":true,"href":"https:\/\/nvnoticias.mx\/index.php\/wp-json\/wp\/v2\/tags?post=215960"}],"curies":[{"name":"wp","href":"https:\/\/api.w.org\/{rel}","templated":true}]}}