{"id":215957,"date":"2026-04-30T11:26:24","date_gmt":"2026-04-30T17:26:24","guid":{"rendered":"https:\/\/nvnoticias.mx\/?p=215957"},"modified":"2026-04-30T11:26:31","modified_gmt":"2026-04-30T17:26:31","slug":"refuerza-itver-seguridad-dentro-y-fuera-del-plantel","status":"publish","type":"post","link":"https:\/\/nvnoticias.mx\/index.php\/2026\/04\/30\/refuerza-itver-seguridad-dentro-y-fuera-del-plantel\/","title":{"rendered":"Refuerza ITVER seguridad dentro y fuera del plantel"},"content":{"rendered":"\n<p><br><strong>Jes\u00fas Utrilla \/ NV Noticias <\/strong><\/p>\n\n\n\n<p><br>El Instituto Tecnol\u00f3gico de Veracruz fortaleci\u00f3 las medidas de vigilancia dentro y fuera de sus instalaciones luego de los robos y asaltos registrados en zonas cercanas al plantel durante el ciclo escolar anterior, principalmente sobre la avenida Raz y Guzm\u00e1n.<\/p>\n\n\n\n<p><br>Marco Antonio Salgado Cervantes, director del ITVER, inform\u00f3 que como parte de las acciones preventivas fueron incorporados 18 elementos de seguridad privada y se instalaron alrededor de 40 c\u00e1maras de videovigilancia en \u00e1reas consideradas vulnerables o de mayor tr\u00e1nsito estudiantil.<\/p>\n\n\n\n<p><br>El directivo se\u00f1al\u00f3 que las estrategias implementadas han permitido disminuir los incidentes relacionados con asaltos, actos vand\u00e1licos y conflictos entre alumnos, situaciones que anteriormente preocupaban tanto a estudiantes como a padres de familia.<\/p>\n\n\n\n<p><br>Explic\u00f3 que adem\u00e1s del monitoreo interno, el instituto mantiene coordinaci\u00f3n con corporaciones de seguridad como la Polic\u00eda Estatal, Guardia Nacional y autoridades municipales, con el prop\u00f3sito de fortalecer la prevenci\u00f3n del delito en los alrededores del campus.<\/p>\n\n\n\n<p><br>Salgado Cervantes destac\u00f3 que tambi\u00e9n se ampliaron las actividades extracurriculares para mantener a los estudiantes involucrados en proyectos acad\u00e9micos, deportivos y recreativos que contribuyan a un ambiente m\u00e1s positivo dentro de la comunidad estudiantil.<\/p>\n\n\n\n<p><br>Actualmente alumnos de distintas carreras trabajan en la construcci\u00f3n de un robot dise\u00f1ado para competencias de f\u00fatbol rob\u00f3tico, proyecto que representar\u00e1 al Tecnol\u00f3gico de Veracruz en un evento nacional. En el desarrollo participan estudiantes de mecatr\u00f3nica, electr\u00f3nica, mec\u00e1nica y sistemas computacionales.<\/p>\n","protected":false},"excerpt":{"rendered":"<p>Jes\u00fas Utrilla \/ NV Noticias El Instituto Tecnol\u00f3gico de Veracruz fortaleci\u00f3 las medidas de vigilancia dentro y fuera de sus instalaciones luego de los robos y asaltos registrados en zonas cercanas al plantel durante el ciclo escolar anterior, principalmente sobre la avenida Raz y Guzm\u00e1n. Marco Antonio Salgado Cervantes, director del ITVER, inform\u00f3 que como [&hellip;]<\/p>\n","protected":false},"author":8,"featured_media":215958,"comment_status":"open","ping_status":"open","sticky":false,"template":"","format":"standard","meta":{"_monsterinsights_skip_tracking":false,"_monsterinsights_sitenote_active":false,"_monsterinsights_sitenote_note":"","_monsterinsights_sitenote_category":0,"footnotes":""},"categories":[154],"tags":[2540,805],"class_list":["post-215957","post","type-post","status-publish","format-standard","has-post-thumbnail","hentry","category-veracruz","tag-itver","tag-seguridad","wp-image-borders"],"amp_enabled":true,"_links":{"self":[{"href":"https:\/\/nvnoticias.mx\/index.php\/wp-json\/wp\/v2\/posts\/215957","targetHints":{"allow":["GET"]}}],"collection":[{"href":"https:\/\/nvnoticias.mx\/index.php\/wp-json\/wp\/v2\/posts"}],"about":[{"href":"https:\/\/nvnoticias.mx\/index.php\/wp-json\/wp\/v2\/types\/post"}],"author":[{"embeddable":true,"href":"https:\/\/nvnoticias.mx\/index.php\/wp-json\/wp\/v2\/users\/8"}],"replies":[{"embeddable":true,"href":"https:\/\/nvnoticias.mx\/index.php\/wp-json\/wp\/v2\/comments?post=215957"}],"version-history":[{"count":1,"href":"https:\/\/nvnoticias.mx\/index.php\/wp-json\/wp\/v2\/posts\/215957\/revisions"}],"predecessor-version":[{"id":215959,"href":"https:\/\/nvnoticias.mx\/index.php\/wp-json\/wp\/v2\/posts\/215957\/revisions\/215959"}],"wp:featuredmedia":[{"embeddable":true,"href":"https:\/\/nvnoticias.mx\/index.php\/wp-json\/wp\/v2\/media\/215958"}],"wp:attachment":[{"href":"https:\/\/nvnoticias.mx\/index.php\/wp-json\/wp\/v2\/media?parent=215957"}],"wp:term":[{"taxonomy":"category","embeddable":true,"href":"https:\/\/nvnoticias.mx\/index.php\/wp-json\/wp\/v2\/categories?post=215957"},{"taxonomy":"post_tag","embeddable":true,"href":"https:\/\/nvnoticias.mx\/index.php\/wp-json\/wp\/v2\/tags?post=215957"}],"curies":[{"name":"wp","href":"https:\/\/api.w.org\/{rel}","templated":true}]}}