{"id":215947,"date":"2026-04-30T10:51:15","date_gmt":"2026-04-30T16:51:15","guid":{"rendered":"https:\/\/nvnoticias.mx\/?p=215947"},"modified":"2026-04-30T10:51:23","modified_gmt":"2026-04-30T16:51:23","slug":"comienza-construccion-de-viviendas-para-desplazados-por-inundaciones-en-norte-de-veracruz","status":"publish","type":"post","link":"https:\/\/nvnoticias.mx\/index.php\/2026\/04\/30\/comienza-construccion-de-viviendas-para-desplazados-por-inundaciones-en-norte-de-veracruz\/","title":{"rendered":"Comienza construcci\u00f3n de viviendas para desplazados por inundaciones en norte de Veracruz"},"content":{"rendered":"\n<p><\/p>\n\n\n\n<p><strong>Sam Ojeda \/ NV Noticias<\/strong><\/p>\n\n\n\n<p>Xalapa.- Seis meses despu\u00e9s de las inundaciones que afectaron el norte de Veracruz, la reubicaci\u00f3n de una comunidad en Ilamatl\u00e1n sigue sin un terreno definido, por lo que el Gobierno estatal sostendr\u00e1 este jueves un di\u00e1logo con habitantes para determinar el sitio, en el marco de una gira por la regi\u00f3n de Huayacocotla.<\/p>\n\n\n\n<p>La gobernadora Roc\u00edo Nahle Garc\u00eda indic\u00f3 que este caso permanece pendiente, a diferencia de otros municipios donde el proceso ya avanz\u00f3.<\/p>\n\n\n\n<p>\u201cHay otra comunidad de Ilamatl\u00e1n, ellos tambi\u00e9n requieren reubicaci\u00f3n y hoy vamos a hablar con esa comunidad para el sitio donde se requiere la reubicaci\u00f3n\u201d.<\/p>\n\n\n\n<p>Mientras tanto, en Poza Rica y \u00c1lamo ya se inici\u00f3 la construcci\u00f3n de viviendas tras resolver la disponibilidad de predios y ajustes en su uso.<\/p>\n\n\n\n<p>\u201cYa se tiene un terreno, fui muy respetuosa porque desde el primer momento adquirimos un terreno en Poza Rica y ya hay construcci\u00f3n de casas; en \u00c1lamo vimos un terreno y al final el municipio decidi\u00f3 otro terreno, cambiamos de uso de terreno para iniciar la construcci\u00f3n de casas\u201d.<\/p>\n\n\n\n<p>En Huayacocotla, explic\u00f3, la definici\u00f3n del terreno se realiz\u00f3 con participaci\u00f3n directa de la comunidad, acompa\u00f1ada por el Instituto Nacional de los Pueblos Ind\u00edgenas (INPI).<\/p>\n\n\n\n<p>\u201cEn Huayacocotla la comunidad se apoy\u00f3 a trav\u00e9s del INPI que busc\u00f3 los terrenos, la comunidad decidi\u00f3 qu\u00e9 terrenos quer\u00eda y tienen nuestro apoyo\u201d.<\/p>\n\n\n\n<p>La mandataria estatal asegur\u00f3 que los recursos para vivienda ya fueron autorizados por el Gobierno federal.<\/p>\n\n\n\n<p>\u201cYa est\u00e1 la gesti\u00f3n, ya est\u00e1 el recurso, la presidenta lo autoriz\u00f3; a todos nos dijo que s\u00ed y fue m\u00e1s all\u00e1\u201d.<\/p>\n\n\n\n<p>Durante la gira tambi\u00e9n se contempla el inicio de obras en caminos y puentes en la regi\u00f3n, tras la evaluaci\u00f3n realizada por la Secretar\u00eda de Infraestructura, Comunicaciones y Transportes.<\/p>\n\n\n\n<p><\/p>\n","protected":false},"excerpt":{"rendered":"<p>Sam Ojeda \/ NV Noticias Xalapa.- Seis meses despu\u00e9s de las inundaciones que afectaron el norte de Veracruz, la reubicaci\u00f3n de una comunidad en Ilamatl\u00e1n sigue sin un terreno definido, por lo que el Gobierno estatal sostendr\u00e1 este jueves un di\u00e1logo con habitantes para determinar el sitio, en el marco de una gira por la [&hellip;]<\/p>\n","protected":false},"author":8,"featured_media":215953,"comment_status":"open","ping_status":"open","sticky":false,"template":"","format":"standard","meta":{"_monsterinsights_skip_tracking":false,"_monsterinsights_sitenote_active":false,"_monsterinsights_sitenote_note":"","_monsterinsights_sitenote_category":0,"footnotes":""},"categories":[156],"tags":[2676,1183,3082],"class_list":["post-215947","post","type-post","status-publish","format-standard","has-post-thumbnail","hentry","category-estado","tag-construccion","tag-inundaciones","tag-viviendas","wp-image-borders"],"amp_enabled":true,"_links":{"self":[{"href":"https:\/\/nvnoticias.mx\/index.php\/wp-json\/wp\/v2\/posts\/215947","targetHints":{"allow":["GET"]}}],"collection":[{"href":"https:\/\/nvnoticias.mx\/index.php\/wp-json\/wp\/v2\/posts"}],"about":[{"href":"https:\/\/nvnoticias.mx\/index.php\/wp-json\/wp\/v2\/types\/post"}],"author":[{"embeddable":true,"href":"https:\/\/nvnoticias.mx\/index.php\/wp-json\/wp\/v2\/users\/8"}],"replies":[{"embeddable":true,"href":"https:\/\/nvnoticias.mx\/index.php\/wp-json\/wp\/v2\/comments?post=215947"}],"version-history":[{"count":1,"href":"https:\/\/nvnoticias.mx\/index.php\/wp-json\/wp\/v2\/posts\/215947\/revisions"}],"predecessor-version":[{"id":215954,"href":"https:\/\/nvnoticias.mx\/index.php\/wp-json\/wp\/v2\/posts\/215947\/revisions\/215954"}],"wp:featuredmedia":[{"embeddable":true,"href":"https:\/\/nvnoticias.mx\/index.php\/wp-json\/wp\/v2\/media\/215953"}],"wp:attachment":[{"href":"https:\/\/nvnoticias.mx\/index.php\/wp-json\/wp\/v2\/media?parent=215947"}],"wp:term":[{"taxonomy":"category","embeddable":true,"href":"https:\/\/nvnoticias.mx\/index.php\/wp-json\/wp\/v2\/categories?post=215947"},{"taxonomy":"post_tag","embeddable":true,"href":"https:\/\/nvnoticias.mx\/index.php\/wp-json\/wp\/v2\/tags?post=215947"}],"curies":[{"name":"wp","href":"https:\/\/api.w.org\/{rel}","templated":true}]}}