{"id":215937,"date":"2026-04-30T10:47:07","date_gmt":"2026-04-30T16:47:07","guid":{"rendered":"https:\/\/nvnoticias.mx\/?p=215937"},"modified":"2026-04-30T10:47:15","modified_gmt":"2026-04-30T16:47:15","slug":"extrabajadores-de-cfe-se-manifiestan-en-oficina-de-diaz-miron","status":"publish","type":"post","link":"https:\/\/nvnoticias.mx\/index.php\/2026\/04\/30\/extrabajadores-de-cfe-se-manifiestan-en-oficina-de-diaz-miron\/","title":{"rendered":"Extrabajadores de CFE se manifiestan en oficina de D\u00edaz Mir\u00f3n"},"content":{"rendered":"\n<p><br><strong>Jes\u00fas Utrilla \/ NV Noticias <\/strong><\/p>\n\n\n\n<p><br>Extrabajadores de la Comisi\u00f3n Federal de Electricidad realizaron un plant\u00f3n afuera de las oficinas de la CFE ubicadas sobre la avenida Salvador D\u00edaz Mir\u00f3n, en Veracruz, para manifestar su rechazo a la reforma al art\u00edculo 127 constitucional, al considerar que vulnera derechos adquiridos de jubilados del sector p\u00fablico.<\/p>\n\n\n\n<p><br>Jes\u00fas Mario Herrera, participante de la protesta, se\u00f1al\u00f3 que los trabajadores retirados mantienen preocupaci\u00f3n por la aplicaci\u00f3n retroactiva de las modificaciones aprobadas y publicadas durante abril de 2026, las cuales establecen que ninguna pensi\u00f3n financiada con recursos p\u00fablicos podr\u00e1 superar el 50 por ciento del salario de la Presidenta de la Rep\u00fablica.<\/p>\n\n\n\n<p><br>Durante la manifestaci\u00f3n, jubilados de la Comisi\u00f3n Federal de Electricidad acusaron que la reforma podr\u00eda afectar a miles de extrabajadores que cumplieron con a\u00f1os de servicio bajo condiciones laborales previamente establecidas. <\/p>\n\n\n\n<p>Indicaron que el movimiento no busca confrontarse con el Gobierno Federal, sino abrir canales de di\u00e1logo con legisladores y autoridades federales para revisar los alcances de las leyes secundarias.<\/p>\n\n\n\n<p><br>Los inconformes sostuvieron que la aplicaci\u00f3n retroactiva de la reforma contraviene principios constitucionales, particularmente lo establecido en el art\u00edculo 14, por lo que comenzaron a promover recursos legales de manera individual. <\/p>\n\n\n\n<p>Se\u00f1alaron adem\u00e1s que existe desinformaci\u00f3n sobre las llamadas \u201cpensiones doradas\u201d, pues aseguraron que no todos los jubilados perciben montos elevados y pidieron investigar \u00fanicamente los casos irregulares.<br><\/p>\n","protected":false},"excerpt":{"rendered":"<p>Jes\u00fas Utrilla \/ NV Noticias Extrabajadores de la Comisi\u00f3n Federal de Electricidad realizaron un plant\u00f3n afuera de las oficinas de la CFE ubicadas sobre la avenida Salvador D\u00edaz Mir\u00f3n, en Veracruz, para manifestar su rechazo a la reforma al art\u00edculo 127 constitucional, al considerar que vulnera derechos adquiridos de jubilados del sector p\u00fablico. Jes\u00fas Mario [&hellip;]<\/p>\n","protected":false},"author":8,"featured_media":215942,"comment_status":"open","ping_status":"open","sticky":false,"template":"","format":"standard","meta":{"_monsterinsights_skip_tracking":false,"_monsterinsights_sitenote_active":false,"_monsterinsights_sitenote_note":"","_monsterinsights_sitenote_category":0,"footnotes":""},"categories":[154],"tags":[821,1970,503],"class_list":["post-215937","post","type-post","status-publish","format-standard","has-post-thumbnail","hentry","category-veracruz","tag-cfe","tag-jubilados","tag-manifestacion","wp-image-borders"],"amp_enabled":true,"_links":{"self":[{"href":"https:\/\/nvnoticias.mx\/index.php\/wp-json\/wp\/v2\/posts\/215937","targetHints":{"allow":["GET"]}}],"collection":[{"href":"https:\/\/nvnoticias.mx\/index.php\/wp-json\/wp\/v2\/posts"}],"about":[{"href":"https:\/\/nvnoticias.mx\/index.php\/wp-json\/wp\/v2\/types\/post"}],"author":[{"embeddable":true,"href":"https:\/\/nvnoticias.mx\/index.php\/wp-json\/wp\/v2\/users\/8"}],"replies":[{"embeddable":true,"href":"https:\/\/nvnoticias.mx\/index.php\/wp-json\/wp\/v2\/comments?post=215937"}],"version-history":[{"count":1,"href":"https:\/\/nvnoticias.mx\/index.php\/wp-json\/wp\/v2\/posts\/215937\/revisions"}],"predecessor-version":[{"id":215945,"href":"https:\/\/nvnoticias.mx\/index.php\/wp-json\/wp\/v2\/posts\/215937\/revisions\/215945"}],"wp:featuredmedia":[{"embeddable":true,"href":"https:\/\/nvnoticias.mx\/index.php\/wp-json\/wp\/v2\/media\/215942"}],"wp:attachment":[{"href":"https:\/\/nvnoticias.mx\/index.php\/wp-json\/wp\/v2\/media?parent=215937"}],"wp:term":[{"taxonomy":"category","embeddable":true,"href":"https:\/\/nvnoticias.mx\/index.php\/wp-json\/wp\/v2\/categories?post=215937"},{"taxonomy":"post_tag","embeddable":true,"href":"https:\/\/nvnoticias.mx\/index.php\/wp-json\/wp\/v2\/tags?post=215937"}],"curies":[{"name":"wp","href":"https:\/\/api.w.org\/{rel}","templated":true}]}}