{"id":215936,"date":"2026-04-30T10:46:18","date_gmt":"2026-04-30T16:46:18","guid":{"rendered":"https:\/\/nvnoticias.mx\/?p=215936"},"modified":"2026-04-30T10:46:27","modified_gmt":"2026-04-30T16:46:27","slug":"sep-recibira-manana-1-de-mayo-a-la-cnte","status":"publish","type":"post","link":"https:\/\/nvnoticias.mx\/index.php\/2026\/04\/30\/sep-recibira-manana-1-de-mayo-a-la-cnte\/","title":{"rendered":"SEP recibir\u00e1 ma\u00f1ana 1 de mayo a la CNTE"},"content":{"rendered":"\n<p>La Secretar\u00eda de Educaci\u00f3n P\u00fablica (SEP) recibir\u00e1 ma\u00f1ana viernes a los maestros de la Coordinadora Nacional de Trabajadores de la Educaci\u00f3n (CNTE) que entregar\u00e1n su pliego petitorio. Hay comunicaci\u00f3n permanente con ellos, afirm\u00f3 el titular de la dependencia federal, Mario Delgado.&nbsp;<\/p>\n\n\n\n<p>Dijo que en el encuentro tambi\u00e9n participar\u00e1 la Secretar\u00eda de Gobernaci\u00f3n y reiter\u00f3 que con la apertura del gobierno federal, \u201cno hay necesidad de manifestaciones\u201d en la calles, pero subray\u00f3, \u201csomos respetuosos\u201d de las decisiones que tomen. \u00a0<br><\/p>\n\n\n\n<p>Tambi\u00e9n inform\u00f3 que la pr\u00f3xima semana se definir\u00e1 si es viable y en qu\u00e9 condiciones, la posible modificaci\u00f3n del calendario escolar. El mi\u00e9rcoles 7 de mayo se llevar\u00e1 a cabo una reuni\u00f3n con los secretarios de educaci\u00f3n de los estados para revisar los planteamientos que algunos han realizado.&nbsp;<\/p>\n\n\n\n<p>En algunas entidades solicitan anticipar el cierre del ciclo escolar por cuestiones del clima y por el Mundial de Futbol que se realizar\u00e1 en el mes de junio. El funcionario coment\u00f3 el caso de Jalisco que ha propuesto tener clases en l\u00ednea y Nuevo Le\u00f3n que, dice, puede adelantar el cierre del ciclo escolar.\u00a0<br><\/p>\n\n\n\n<p>Fuente: La <a href=\"https:\/\/www.jornada.com.mx\/noticia\/2026\/04\/30\/politica\/sep-recibira-manana-1-de-mayo-a-la-cnte\">Jornada<\/a><\/p>\n","protected":false},"excerpt":{"rendered":"<p>La Secretar\u00eda de Educaci\u00f3n P\u00fablica (SEP) recibir\u00e1 ma\u00f1ana viernes a los maestros de la Coordinadora Nacional de Trabajadores de la Educaci\u00f3n (CNTE) que entregar\u00e1n su pliego petitorio. Hay comunicaci\u00f3n permanente con ellos, afirm\u00f3 el titular de la dependencia federal, Mario Delgado.&nbsp; Dijo que en el encuentro tambi\u00e9n participar\u00e1 la Secretar\u00eda de Gobernaci\u00f3n y reiter\u00f3 que [&hellip;]<\/p>\n","protected":false},"author":35,"featured_media":215938,"comment_status":"open","ping_status":"open","sticky":false,"template":"","format":"standard","meta":{"_monsterinsights_skip_tracking":false,"_monsterinsights_sitenote_active":false,"_monsterinsights_sitenote_note":"","_monsterinsights_sitenote_category":0,"footnotes":""},"categories":[157],"tags":[2976,490],"class_list":["post-215936","post","type-post","status-publish","format-standard","has-post-thumbnail","hentry","category-nacional","tag-cnte","tag-sep","wp-image-borders"],"amp_enabled":true,"_links":{"self":[{"href":"https:\/\/nvnoticias.mx\/index.php\/wp-json\/wp\/v2\/posts\/215936","targetHints":{"allow":["GET"]}}],"collection":[{"href":"https:\/\/nvnoticias.mx\/index.php\/wp-json\/wp\/v2\/posts"}],"about":[{"href":"https:\/\/nvnoticias.mx\/index.php\/wp-json\/wp\/v2\/types\/post"}],"author":[{"embeddable":true,"href":"https:\/\/nvnoticias.mx\/index.php\/wp-json\/wp\/v2\/users\/35"}],"replies":[{"embeddable":true,"href":"https:\/\/nvnoticias.mx\/index.php\/wp-json\/wp\/v2\/comments?post=215936"}],"version-history":[{"count":4,"href":"https:\/\/nvnoticias.mx\/index.php\/wp-json\/wp\/v2\/posts\/215936\/revisions"}],"predecessor-version":[{"id":215943,"href":"https:\/\/nvnoticias.mx\/index.php\/wp-json\/wp\/v2\/posts\/215936\/revisions\/215943"}],"wp:featuredmedia":[{"embeddable":true,"href":"https:\/\/nvnoticias.mx\/index.php\/wp-json\/wp\/v2\/media\/215938"}],"wp:attachment":[{"href":"https:\/\/nvnoticias.mx\/index.php\/wp-json\/wp\/v2\/media?parent=215936"}],"wp:term":[{"taxonomy":"category","embeddable":true,"href":"https:\/\/nvnoticias.mx\/index.php\/wp-json\/wp\/v2\/categories?post=215936"},{"taxonomy":"post_tag","embeddable":true,"href":"https:\/\/nvnoticias.mx\/index.php\/wp-json\/wp\/v2\/tags?post=215936"}],"curies":[{"name":"wp","href":"https:\/\/api.w.org\/{rel}","templated":true}]}}