{"id":215918,"date":"2026-04-30T10:05:43","date_gmt":"2026-04-30T16:05:43","guid":{"rendered":"https:\/\/nvnoticias.mx\/?p=215918"},"modified":"2026-04-30T10:05:52","modified_gmt":"2026-04-30T16:05:52","slug":"sheinbaum-aun-no-decide-si-acudira-a-cumbre-iberoamericana","status":"publish","type":"post","link":"https:\/\/nvnoticias.mx\/index.php\/2026\/04\/30\/sheinbaum-aun-no-decide-si-acudira-a-cumbre-iberoamericana\/","title":{"rendered":"Sheinbaum a\u00fan no decide si acudir\u00e1 a Cumbre Iberoamericana"},"content":{"rendered":"\n<p>La presidenta Claudia Sheinbaum inform\u00f3 que no ha decidido si acudir\u00e1 a la Cumbre Iberoamericana en Espa\u00f1a el pr\u00f3ximo mes de noviembre porque se empalma con la reuni\u00f3n del Foro de Cooperaci\u00f3n Econ\u00f3mica Asia-Pac\u00edfico (APEC) que se llevar\u00e1 a cabo en China y tiene inter\u00e9s de estar ah\u00ed, entre otras razones porque M\u00e9xico ser\u00e1 sede de ese foro en 2028.&nbsp;<\/p>\n\n\n\n<p>En tanto, confirm\u00f3 que viajar\u00e1 a Brasil para la firma del acuerdo de entendimiento entre Petrobras y Pemex. Es un documento que plasmar\u00e1 objetivos de colaboraci\u00f3n y cooperaci\u00f3n. \u00a0<br><\/p>\n\n\n\n<p>En la conferencia en Palacio Nacional, indic\u00f3 que con este fin, los equipos de ambos pa\u00edses est\u00e1n trabajando. Hace unos d\u00edas estuvo en nuestro pa\u00eds la directora de la petrolera brasile\u00f1a y en la segunda semana de mayo vendr\u00e1n expertos de las \u00e1reas de exploraci\u00f3n y producci\u00f3n, transformaci\u00f3n, biocombustibles (biodiesel y etanol). &nbsp;<\/p>\n\n\n\n<p>Indic\u00f3 que cuando concluya la elaboraci\u00f3n del documento se definir\u00e1 la fecha para la firma que se llevar\u00e1 a cabo en Brasil con el presidente Luiz In\u00e1cio Lula da Silva. Anticip\u00f3 que ser\u00e1 un viaje de un d\u00eda, solo con este objetivo. &nbsp;<\/p>\n\n\n\n<p>Ayer, al terminar su visita oficial a M\u00e9xico, el ministro de Asuntos Exteriores de Espa\u00f1a, Jos\u00e9 Manuel Albares, entreg\u00f3 a Sheinbaum la invitaci\u00f3n para que participe en la Cumbre Iberoamericana de Madrid, a prop\u00f3sito de la cual, esta ma\u00f1ana la mandataria record\u00f3 que entre ambos pa\u00edses hubo un periodo \u201cde no tanta cercan\u00eda\u201d por la solicitud de perd\u00f3n que hizo el presidente Andr\u00e9s Manuel L\u00f3pez Obrador por las atrocidades de la Conquista y parte de la Colonia.&nbsp;<\/p>\n\n\n\n<p>\u201cLa respuesta fue que se sintieron ofendidos y lanzaron una campa\u00f1a contra L\u00f3pez Obrador en Espa\u00f1a\u2026 eso fue un agravio al presidente y al pueblo de M\u00e9xico\u201d, subray\u00f3.\u00a0<br><\/p>\n\n\n\n<p>Fuente: La <a href=\"https:\/\/www.jornada.com.mx\/noticia\/2026\/04\/30\/politica\/sheinbaum-aun-no-decide-si-acudira-a-cumbre-iberoamericana-se-empalma-con-foro-de-apec-en-china-dice\">Jornada<\/a><\/p>\n","protected":false},"excerpt":{"rendered":"<p>La presidenta Claudia Sheinbaum inform\u00f3 que no ha decidido si acudir\u00e1 a la Cumbre Iberoamericana en Espa\u00f1a el pr\u00f3ximo mes de noviembre porque se empalma con la reuni\u00f3n del Foro de Cooperaci\u00f3n Econ\u00f3mica Asia-Pac\u00edfico (APEC) que se llevar\u00e1 a cabo en China y tiene inter\u00e9s de estar ah\u00ed, entre otras razones porque M\u00e9xico ser\u00e1 sede [&hellip;]<\/p>\n","protected":false},"author":35,"featured_media":215922,"comment_status":"open","ping_status":"open","sticky":false,"template":"","format":"standard","meta":{"_monsterinsights_skip_tracking":false,"_monsterinsights_sitenote_active":false,"_monsterinsights_sitenote_note":"","_monsterinsights_sitenote_category":0,"footnotes":""},"categories":[158],"tags":[2801,162],"class_list":["post-215918","post","type-post","status-publish","format-standard","has-post-thumbnail","hentry","category-politica","tag-claudia-sheinbaum","tag-portada","wp-image-borders"],"amp_enabled":true,"_links":{"self":[{"href":"https:\/\/nvnoticias.mx\/index.php\/wp-json\/wp\/v2\/posts\/215918","targetHints":{"allow":["GET"]}}],"collection":[{"href":"https:\/\/nvnoticias.mx\/index.php\/wp-json\/wp\/v2\/posts"}],"about":[{"href":"https:\/\/nvnoticias.mx\/index.php\/wp-json\/wp\/v2\/types\/post"}],"author":[{"embeddable":true,"href":"https:\/\/nvnoticias.mx\/index.php\/wp-json\/wp\/v2\/users\/35"}],"replies":[{"embeddable":true,"href":"https:\/\/nvnoticias.mx\/index.php\/wp-json\/wp\/v2\/comments?post=215918"}],"version-history":[{"count":4,"href":"https:\/\/nvnoticias.mx\/index.php\/wp-json\/wp\/v2\/posts\/215918\/revisions"}],"predecessor-version":[{"id":215923,"href":"https:\/\/nvnoticias.mx\/index.php\/wp-json\/wp\/v2\/posts\/215918\/revisions\/215923"}],"wp:featuredmedia":[{"embeddable":true,"href":"https:\/\/nvnoticias.mx\/index.php\/wp-json\/wp\/v2\/media\/215922"}],"wp:attachment":[{"href":"https:\/\/nvnoticias.mx\/index.php\/wp-json\/wp\/v2\/media?parent=215918"}],"wp:term":[{"taxonomy":"category","embeddable":true,"href":"https:\/\/nvnoticias.mx\/index.php\/wp-json\/wp\/v2\/categories?post=215918"},{"taxonomy":"post_tag","embeddable":true,"href":"https:\/\/nvnoticias.mx\/index.php\/wp-json\/wp\/v2\/tags?post=215918"}],"curies":[{"name":"wp","href":"https:\/\/api.w.org\/{rel}","templated":true}]}}