{"id":215912,"date":"2026-04-30T09:56:50","date_gmt":"2026-04-30T15:56:50","guid":{"rendered":"https:\/\/nvnoticias.mx\/?p=215912"},"modified":"2026-04-30T09:56:59","modified_gmt":"2026-04-30T15:56:59","slug":"si-no-hay-nada-no-hay-nada-que-temer-sheinbaum-a-rocha","status":"publish","type":"post","link":"https:\/\/nvnoticias.mx\/index.php\/2026\/04\/30\/si-no-hay-nada-no-hay-nada-que-temer-sheinbaum-a-rocha\/","title":{"rendered":"Si no hay nada, no hay nada qu\u00e9 temer: Sheinbaum a Rocha"},"content":{"rendered":"\n<p><em>&nbsp;<\/em>\u201cSi no hay nada, no hay nada qu\u00e9 temer. \u00a1Nada!\u201d. Eso fue lo que la presidenta Claudia Sheinbaum Pardo le dijo al gobernador de Sinaloa, Rub\u00e9n Rocha, ante las acusaciones en su contra por presuntos v\u00ednculos con el crimen organizado que le imput\u00f3 el gobierno de Estados Unidos.<\/p>\n\n\n\n<p>En la conferencia matutina de este jueves en Palacio Nacional, la jefa del ejecutivo indic\u00f3 que en cuanto se dieron a conocer las imputaciones el d\u00eda de ayer, tuvo comunicaci\u00f3n con el mandatario sinaloense, y remarc\u00f3 que actuar\u00eda de la misma forma si se tratara de un gobernador de oposici\u00f3n: requerir\u00eda pruebas antes de cualquier aprehensi\u00f3n y extradici\u00f3n, como ha requerido Washington con Rocha y otros nueve funcionarios y ex funcionarios.<\/p>\n\n\n\n<p>\u201cAyer habl\u00e9 con el gobernador despu\u00e9s que salieron estos comunicados. Le manifest\u00e9: \u2018Si no hay nada, no hay nada qu\u00e9 temer. \u00a1Nada! Tiene que haber pruebas\u2019\u201d.<\/p>\n\n\n\n<p>Inclusive cuestion\u00f3: \u201c\u00bfC\u00f3mo la presidenta va a acusar a un gobernador sin pruebas?. Les voy a decir, actuar\u00eda de la misma manera trat\u00e1ndose de un gobernador del PRI, del PAN o de Movimiento Ciudadano. Imaginen se que viniera una petici\u00f3n de detenci\u00f3n provisional con fines de extradici\u00f3n a un gobernador de otro partido, sin ninguna prueba. \u00bfPorque es de otro partido voy a actuar distinto? No, me corresponde defender la Constituci\u00f3n, las leyes y la soberan\u00eda\u201d.<\/p>\n\n\n\n<p>La mandataria sostuvo que as\u00ed como no se puede actuar ni aprehender a ning\u00fan ciudadano de a pie sin pruebas ni elementos en su contra, el mismo criterio aplica para quienes tienen un cargo de elecci\u00f3n popular<\/p>\n\n\n\n<p>\u201cAdem\u00e1s, primero deber\u00eda haber un desafuero si se llegara a encontrar una prueba en contra de \u00e9l, todo bajo el Estado de derecho, no puede ser, como lo mencion\u00e9 en el caso de Chihuahua \u2014sobre la operaci\u00f3n en campo de agentes de la CIA\u2014, que para unas cosas s\u00ed, para otras no\u201d.<\/p>\n\n\n\n<p>Record\u00f3 que al recibir los documentos de Washington, el \u00e1rea jur\u00eddica de la Secretar\u00eda de Relaciones Exteriores se\u00f1al\u00f3 que no hab\u00eda pruebas, pero al no corresponder hacer esa determinaci\u00f3n, lo envi\u00f3 a la Fiscal\u00eda General de la Rep\u00fablica, conforme a derecho.<\/p>\n\n\n\n<p>\u201cY la fiscal\u00eda dice: \u2018para actuar necesitamos pruebas contundentes, fehacientes en el marco del sistema mexicano\u2019. &nbsp;La defensa de la soberan\u00eda es un principio que no puede bajo ning\u00fan motivo negociarse\u201d.<\/p>\n\n\n\n<p>Asimismo, la presidenta acus\u00f3 a la oposici\u00f3n de \u201ccolgarse del exterior\u201d por caso Rocha.<\/p>\n\n\n\n<p>Cuestion\u00f3 las reacciones de sus opositores ante la solicitud del Departamento de Justicia de Estados Unidos para la extradici\u00f3n del gobernador de Sinaloa y de otros funcionaros, al acusar que buscan capitalizar pol\u00edticamente un asunto.<\/p>\n\n\n\n<p>Fuente: La <a href=\"https:\/\/www.jornada.com.mx\/noticia\/2026\/04\/30\/politica\/si-no-hay-nada-no-hay-nada-que-temer-sheinbaum-a-rocha-se-actuara-como-si-fuera-gobernador-de-la-oposicion\">Jornada<\/a><\/p>\n","protected":false},"excerpt":{"rendered":"<p>&nbsp;\u201cSi no hay nada, no hay nada qu\u00e9 temer. \u00a1Nada!\u201d. Eso fue lo que la presidenta Claudia Sheinbaum Pardo le dijo al gobernador de Sinaloa, Rub\u00e9n Rocha, ante las acusaciones en su contra por presuntos v\u00ednculos con el crimen organizado que le imput\u00f3 el gobierno de Estados Unidos. En la conferencia matutina de este jueves [&hellip;]<\/p>\n","protected":false},"author":35,"featured_media":215917,"comment_status":"open","ping_status":"open","sticky":false,"template":"","format":"standard","meta":{"_monsterinsights_skip_tracking":false,"_monsterinsights_sitenote_active":false,"_monsterinsights_sitenote_note":"","_monsterinsights_sitenote_category":0,"footnotes":""},"categories":[158],"tags":[2801,162,31404],"class_list":["post-215912","post","type-post","status-publish","format-standard","has-post-thumbnail","hentry","category-politica","tag-claudia-sheinbaum","tag-portada","tag-ruben-rocha-moya-2","wp-image-borders"],"amp_enabled":true,"_links":{"self":[{"href":"https:\/\/nvnoticias.mx\/index.php\/wp-json\/wp\/v2\/posts\/215912","targetHints":{"allow":["GET"]}}],"collection":[{"href":"https:\/\/nvnoticias.mx\/index.php\/wp-json\/wp\/v2\/posts"}],"about":[{"href":"https:\/\/nvnoticias.mx\/index.php\/wp-json\/wp\/v2\/types\/post"}],"author":[{"embeddable":true,"href":"https:\/\/nvnoticias.mx\/index.php\/wp-json\/wp\/v2\/users\/35"}],"replies":[{"embeddable":true,"href":"https:\/\/nvnoticias.mx\/index.php\/wp-json\/wp\/v2\/comments?post=215912"}],"version-history":[{"count":4,"href":"https:\/\/nvnoticias.mx\/index.php\/wp-json\/wp\/v2\/posts\/215912\/revisions"}],"predecessor-version":[{"id":215916,"href":"https:\/\/nvnoticias.mx\/index.php\/wp-json\/wp\/v2\/posts\/215912\/revisions\/215916"}],"wp:featuredmedia":[{"embeddable":true,"href":"https:\/\/nvnoticias.mx\/index.php\/wp-json\/wp\/v2\/media\/215917"}],"wp:attachment":[{"href":"https:\/\/nvnoticias.mx\/index.php\/wp-json\/wp\/v2\/media?parent=215912"}],"wp:term":[{"taxonomy":"category","embeddable":true,"href":"https:\/\/nvnoticias.mx\/index.php\/wp-json\/wp\/v2\/categories?post=215912"},{"taxonomy":"post_tag","embeddable":true,"href":"https:\/\/nvnoticias.mx\/index.php\/wp-json\/wp\/v2\/tags?post=215912"}],"curies":[{"name":"wp","href":"https:\/\/api.w.org\/{rel}","templated":true}]}}