{"id":215905,"date":"2026-04-30T09:46:22","date_gmt":"2026-04-30T15:46:22","guid":{"rendered":"https:\/\/nvnoticias.mx\/?p=215905"},"modified":"2026-04-30T09:46:33","modified_gmt":"2026-04-30T15:46:33","slug":"postura-de-la-presidenta-claudia-sheinbaum-sobre-senalamientos-contra-ruben-rocha-moy","status":"publish","type":"post","link":"https:\/\/nvnoticias.mx\/index.php\/2026\/04\/30\/postura-de-la-presidenta-claudia-sheinbaum-sobre-senalamientos-contra-ruben-rocha-moy\/","title":{"rendered":"Postura de la presidenta Claudia Sheinbaum sobre se\u00f1alamientos contra Rub\u00e9n Rocha Moy"},"content":{"rendered":"\n<p>A continuaci\u00f3n, el documento \u00edntegro de la posici\u00f3n de la mandataria:<\/p>\n\n\n\n<p>\u201cAl pueblo de M\u00e9xico. El 28 de abril por la noche, la Secretar\u00eda de Relaciones Exteriores recibi\u00f3 10 documentos solicitando la detenci\u00f3n provisional con fines de extradici\u00f3n para 10 ciudadanos mexicanos.<\/p>\n\n\n\n<p>\u201cEl 29 de abril, la misma Secretar\u00eda, de acuerdo con el marco normativo vigente, turn\u00f3 la informaci\u00f3n recibida a la Fiscal\u00eda General de la Rep\u00fablica para la evaluaci\u00f3n de dichas solicitudes conforme a la legislaci\u00f3n mexicana.<\/p>\n\n\n\n<p>\u201cEl mi\u00e9rcoles 29 de abril, al mediod\u00eda, el Departamento de Justicia de los Estados Unidos de Am\u00e9rica para el Distrito Sur de Nueva York, hizo p\u00fablico el levantamiento de cargos, contra 10 ciudadanos mexicanos, entre los que se encuentra el gobernador en funciones de Sinaloa, el senador por Sinaloa y el alcalde de Culiac\u00e1n.<\/p>\n\n\n\n<p>\u201cAnexo a esta acusaci\u00f3n, public\u00f3 un documento denominado en espa\u00f1ol, \u2018Acusaci\u00f3n de reemplazo bajo reserva\u2019. Esto llev\u00f3 a un extra\u00f1amiento del jur\u00eddico de Relaciones Exteriores, dado que estos procesos son confidenciales, acorde con los tratados en la materia.<\/p>\n\n\n\n<p>\u201cAyer por la tarde, la Fiscal\u00eda General de la Rep\u00fablica emiti\u00f3 un comunicado en el que establece lo siguiente: \u2018con fundamento en la Constituci\u00f3n Pol\u00edtica de los Estados Unidos Mexicanos, el C\u00f3digo Nacional de Procedimientos Penales y las leyes aplicadas en la materia, es obligaci\u00f3n de la fiscal\u00eda a trav\u00e9s de la fiscal\u00eda especial para asuntos internacionales, analizar la documentaci\u00f3n recibida con la finalidad de establecer con toda exactitud si existen los elementos probatorios necesarios para tal fin, y en su caso sobre la viabilidad de la solicitud\u2019.<\/p>\n\n\n\n<p>\u201cDe manera paralela, la Fiscal\u00eda General de la Rep\u00fablica se\u00f1al\u00f3 que iniciar\u00e1 una investigaci\u00f3n para llegarse de toda la informaci\u00f3n necesaria para conocer si existen datos de prueba que establezcan la eventualidad de que la acusaci\u00f3n hecha por las autoridades estadunidenses cuente con el fundamento legal para solicitar \u00f3rdenes de aprehensi\u00f3n.<\/p>\n\n\n\n<p>\u201cLa propia Fiscal\u00eda General de la Rep\u00fablica estableci\u00f3 que la legislaci\u00f3n mexicana se\u00f1ala claramente que para solicitar a la autoridad judicial una orden de aprehensi\u00f3n, se requiere presentar datos de prueba que infieran la posibilidad de que alguna persona ha cometido un delito.<\/p>\n\n\n\n<p>\u201cDesde que asum\u00ed la presidencia de M\u00e9xico, jur\u00e9 hacer respetar la Constituci\u00f3n y las leyes. Asimismo, asum\u00ed el firme compromiso de velar por el bienestar del pueblo y la defensa de la soberan\u00eda nacional. M\u00e9xico es un pa\u00eds grandioso con un pueblo generoso y trabajador. M\u00e9xico establece una relaci\u00f3n de iguales con todas las naciones, nunca de subordinaci\u00f3n y menos de entreguismo.<\/p>\n\n\n\n<p>\u201cComo presidenta de la Rep\u00fablica, mi posici\u00f3n ante estos hechos es verdad, justicia y defensa de la soberan\u00eda, es decir, si la Fiscal\u00eda General de la Rep\u00fablica, que es la autoridad competente, recibe pruebas contundentes e irrefutables, conforme a la legislaci\u00f3n mexicana, o en su propia investigaci\u00f3n encuentre elementos constitutivos de un delito, deber\u00e1 proceder conforme a derecho bajo nuestra jurisdicci\u00f3n.<\/p>\n\n\n\n<p>\u201cLo he dicho siempre de forma clara y hemos actuado en consecuencia: nosotros no vamos a cubrir a nadie que haya cometido un delito.<\/p>\n\n\n\n<p>\u201cSin embargo, si no existen pruebas claras, es evidente que el objetivo de estas imputaciones por parte del Departamento de Justicia es pol\u00edtico. Debe quedar sumamente claro: bajo ning\u00fan motivo vamos a permitir la intromisi\u00f3n o injerencia de un gobierno extranjero en las decisiones que le competen exclusivamente al pueblo de M\u00e9xico. Verdad, justicia y defensa de la soberan\u00eda, esta es nuestra posici\u00f3n\u201d.<\/p>\n\n\n\n<p>Fuente: La <a href=\"https:\/\/www.jornada.com.mx\/noticia\/2026\/04\/30\/politica\/postura-de-la-presidenta-claudia-sheinbaum-sobre-senalamientos-contra-ruben-rocha-moya\">Jornada<\/a><\/p>\n","protected":false},"excerpt":{"rendered":"<p>A continuaci\u00f3n, el documento \u00edntegro de la posici\u00f3n de la mandataria: \u201cAl pueblo de M\u00e9xico. El 28 de abril por la noche, la Secretar\u00eda de Relaciones Exteriores recibi\u00f3 10 documentos solicitando la detenci\u00f3n provisional con fines de extradici\u00f3n para 10 ciudadanos mexicanos. \u201cEl 29 de abril, la misma Secretar\u00eda, de acuerdo con el marco normativo [&hellip;]<\/p>\n","protected":false},"author":35,"featured_media":215910,"comment_status":"open","ping_status":"open","sticky":false,"template":"","format":"standard","meta":{"_monsterinsights_skip_tracking":false,"_monsterinsights_sitenote_active":false,"_monsterinsights_sitenote_note":"","_monsterinsights_sitenote_category":0,"footnotes":""},"categories":[158],"tags":[2801,162,31404],"class_list":["post-215905","post","type-post","status-publish","format-standard","has-post-thumbnail","hentry","category-politica","tag-claudia-sheinbaum","tag-portada","tag-ruben-rocha-moya-2","wp-image-borders"],"amp_enabled":true,"_links":{"self":[{"href":"https:\/\/nvnoticias.mx\/index.php\/wp-json\/wp\/v2\/posts\/215905","targetHints":{"allow":["GET"]}}],"collection":[{"href":"https:\/\/nvnoticias.mx\/index.php\/wp-json\/wp\/v2\/posts"}],"about":[{"href":"https:\/\/nvnoticias.mx\/index.php\/wp-json\/wp\/v2\/types\/post"}],"author":[{"embeddable":true,"href":"https:\/\/nvnoticias.mx\/index.php\/wp-json\/wp\/v2\/users\/35"}],"replies":[{"embeddable":true,"href":"https:\/\/nvnoticias.mx\/index.php\/wp-json\/wp\/v2\/comments?post=215905"}],"version-history":[{"count":5,"href":"https:\/\/nvnoticias.mx\/index.php\/wp-json\/wp\/v2\/posts\/215905\/revisions"}],"predecessor-version":[{"id":215911,"href":"https:\/\/nvnoticias.mx\/index.php\/wp-json\/wp\/v2\/posts\/215905\/revisions\/215911"}],"wp:featuredmedia":[{"embeddable":true,"href":"https:\/\/nvnoticias.mx\/index.php\/wp-json\/wp\/v2\/media\/215910"}],"wp:attachment":[{"href":"https:\/\/nvnoticias.mx\/index.php\/wp-json\/wp\/v2\/media?parent=215905"}],"wp:term":[{"taxonomy":"category","embeddable":true,"href":"https:\/\/nvnoticias.mx\/index.php\/wp-json\/wp\/v2\/categories?post=215905"},{"taxonomy":"post_tag","embeddable":true,"href":"https:\/\/nvnoticias.mx\/index.php\/wp-json\/wp\/v2\/tags?post=215905"}],"curies":[{"name":"wp","href":"https:\/\/api.w.org\/{rel}","templated":true}]}}