{"id":215902,"date":"2026-04-30T09:29:19","date_gmt":"2026-04-30T15:29:19","guid":{"rendered":"https:\/\/nvnoticias.mx\/?p=215902"},"modified":"2026-04-30T09:29:26","modified_gmt":"2026-04-30T15:29:26","slug":"los-cuitlahuistas-y-su-salida-de-morena-en-veracruz","status":"publish","type":"post","link":"https:\/\/nvnoticias.mx\/index.php\/2026\/04\/30\/los-cuitlahuistas-y-su-salida-de-morena-en-veracruz\/","title":{"rendered":"Los &#8220;Cuitl\u00e1huistas&#8221;&#8230; \u00bfy su salida de Morena en Veracruz?"},"content":{"rendered":"\n<p><\/p>\n\n\n\n<p><strong>Ricardo Chua<\/strong><\/p>\n\n\n\n<p>El tema de los ataques que este martes realiz\u00f3 el pap\u00e1 del ex gobernador Cuitl\u00e1huac Garc\u00eda, el ex diputado local, Atanasio Garc\u00eda Dur\u00e1n, en contra de las acciones que ha emprendido como mandataria estatal Roc\u00edo Nahle, y que lo hizo p\u00fablico a trav\u00e9s de los medios de comunicaci\u00f3n.. &#8220;Garganta Profunda&#8221; se\u00f1ala que esto tiene un tema m\u00e1s de fondo, que un simple exabrupto del progenitor del ex ejecutivo estatal.. Y las &#8220;lecturas&#8221; son dos.. La primera es la &#8220;fractura&#8221; de ese grupo pol\u00edtico dentro de MORENA.. Y la segunda, y m\u00e1s grave, la salida de los &#8220;Cuitl\u00e1huistas&#8221; de MORENA.. As\u00ed como se lee.. ABROOOOONNN<\/p>\n\n\n\n<p>Seg\u00fan fuentes cercanas a MORENA, le comentan a &#8220;Garganta Profunda&#8221; que existe una gran posibilidad, que actores pol\u00edticos cercanos a Cuitl\u00e1huac.. Al ver que no tienen cabida en MORENA en Veracruz.. Van a &#8220;emigrar&#8221; a otros partidos pol\u00edticos, al interior de la 4T, como ser\u00edan el Partido del Trabajo (PT) y el Partido Verde Ecologista de M\u00e9xico (PVEM).. Y qu\u00e9 otra opci\u00f3n que est\u00e1n viendo es Movimiento Ciudadano.. Tal como sucedi\u00f3 con algunos candidatos a las alcald\u00edas en 2025, que un d\u00eda eran &#8220;Morenos&#8221; y al otro d\u00eda amanecieron &#8220;naranjas&#8221;.. Esa es la &#8220;PRINCIPAL SOSPECHA&#8221;..<\/p>\n\n\n\n<p>De que &#8220;TataNacho&#8221; lo &#8220;revent\u00f3&#8221; antes de tiempo.. Ya que \u00e9l se prendi\u00f3 cuando se dio cuenta, que todos los d\u00edas estaban atacando al gobierno de su v\u00e1stago.. Lo cual provoc\u00f3 esa declaraci\u00f3n en contra de su sucesora.. Pero que independientemente de eso.. Al interior de un grupo poderoso de MORENA.. Hay esa sospecha.. Que diputados federales y locales, ex funcionarios estatales, l\u00edderes regionales, ex alcaldes y todos aquellos que tienen cercan\u00eda con Garc\u00eda Jim\u00e9nez.. Se pueden ir de MORENA y engrosar las filas de otros partidos que les permitan ser candidatos en las elecciones locales y federales del 2027..<\/p>\n\n\n\n<p>Motivo por el cual, &#8220;Garganta Profunda&#8221; se\u00f1ala que en ciertas oficinas de Palacio de Gobierno.. &#8220;Sospechan&#8221; que personajes como Zenyazen Escobar, Eleazar Guerrero P\u00e9rez, que son legisladores federales, podr\u00edan irse al PT, para seguir participando en pol\u00edtica dentro de Veracruz.. Y algunos otros diputados locales m\u00e1s, que fueron cercanos funcionarios al ex gobernador.. En pocas palabras, al interior de MORENA, lo que provoc\u00f3 Atanasio Garc\u00eda Dur\u00e1n fue un &#8220;Pandem\u00f3nium&#8221;.. Que s\u00f3lo el esc\u00e1ndalo de Ruben Rocha Moya, en Sinaloa, le ha quitado &#8220;reflectores&#8221; a este tema local.. Que se estaba volviendo nacional..<\/p>\n\n\n\n<p>Es m\u00e1s, seg\u00fan revela &#8220;Garganta Profunda&#8221;, hay versiones muy fuertes por parte de pol\u00edticos aliados al gobierno estatal anterior.. Que esos actores se han reunido con personajes &#8220;no gratos&#8221; de la administraci\u00f3n estatal, como ser\u00eda el senador, Manuel Huerta, para plantear esta posibilidad dentro del PT.. Dado la cercan\u00eda del legislador de MORENA con el dirigente nacional petista, Alberto Anaya, y que todas esas pl\u00e1ticas, se hacen en CDMX, no en Veracruz, para dar ese cambio al interior de la 4T.. Mismas pl\u00e1ticas que han sostenido con Javier Herrera Borunda para ver esa posibilidad con el &#8220;Verde&#8221;.. Pero todo qued\u00f3 al descubierto..<\/p>\n\n\n\n<p>As\u00ed que este pasado martes, Atanasio Garc\u00eda, NO MIDI\u00d3 LO QUE &#8220;DESTAP\u00d3&#8221;.. Ya que eso presuntamente &#8220;descubri\u00f3&#8221; que hay pl\u00e1ticas con el PT y con el PVEM.. Y uno de los &#8220;cuadros&#8221; fuertes que tienen los &#8220;Verdes&#8221; para el 2030 en la sucesi\u00f3n estatal, es el diputado federal Javier Herrera. Que aunque \u00e9l que no es tiempo, est\u00e1 buscando ser el nominado por la 4T en 5 a\u00f1os como su candidato a gobernador.. Y hay que recordar un dato muy importante.. &#8220;TataNacho&#8221; fue un pol\u00edtico perredista, muy cercano al pap\u00e1 de Javier, el ex gobernador, Fidel Herrera Beltr\u00e1n.. Y eso lo sabe, toda la clase pol\u00edtica en Veracruz..<\/p>\n\n\n\n<p>OJO s\u00f3lo hay que recordar.. Que en 2018 los que &#8220;ayudaron&#8221; a Cuitl\u00e1huac Garc\u00eda a ganar la gubernatura de Veracruz fueron esos &#8220;Fidelistas&#8221;.. Que ahora est\u00e1n en MORENA o PVEM.. Todo con la finalidad de hacer perder a Miguel Yunes Linares y a su hijo.. Ahora ambos tambi\u00e9n dentro de la 4T.. Por ello, es que una de las teor\u00edas es que los &#8220;Cuitl\u00e1huistas&#8221; al verse como &#8220;apestados&#8221; al interior de MORENA, est\u00e1n pensando irse a &#8220;reforzar&#8221; al PVEM en Veracruz.. As\u00ed siguen participando en pol\u00edtica y m\u00e1s adelante pueden volver.. El &#8220;verde&#8221; est\u00e1 dirigido por un sobrino de Fidel y primo de Javier.. Por lo tanto, la franquicia es de ellos..<\/p>\n\n\n\n<p>PD.. En su momento, Cuitl\u00e1huac Garc\u00eda fue rival pol\u00edtico de Manuel Huerta en MORENA Veracruz.. &#8220;Se masticaban pero no se tragaban&#8221;.. S\u00f3lo que Andr\u00e9s Manuel L\u00f3pez Obrador los pon\u00eda en orden.. Pero hoy, ambos ven a un adversario en com\u00fan.. Uno que ya les puso l\u00edmites.. Y puede ser que para la elecci\u00f3n del 2027, quieran impulsar una nueva &#8220;alianza&#8221;, entre los petistas, &#8220;verdes&#8221; y &#8220;cuitl\u00e1huistas&#8221;.. Finalmente, lo dicho por Atanasio lo deja como una posibilidad.. Ya que desde esa &#8220;coalici\u00f3n no escrita&#8221; pueden impulsar a un proyecto al 2030.. Bien dec\u00eda, Jes\u00fas Reyes Heroles: &#8220;En pol\u00edtica, las coincidencias no existen&#8221;.. AMEN..<\/p>\n\n\n\n<p>MARYJOSE GAMBOA VS CAB..<\/p>\n\n\n\n<p>La &#8220;batalla&#8221; que inici\u00f3 la alcaldesa de Boca del R\u00edo Maryjose Gamboa Torales en contra del Grupo CAB, compa\u00f1\u00eda que maneja la distribuci\u00f3n y administraci\u00f3n del agua potable y el alcantarillado en esta ciudad, en contra del aumento de la tarifa, que pretender hacer en un 50 por ciento m\u00e1s caro de lo que es ahora actualmente el precio de este servicio, SE HA GANADO el respaldo ciudadano y social de toda la comunidad boque\u00f1a.. Una sociedad que se queja a cada rato del mal servicio que otorga esta empresa y de que no los atiende en sus necesidades.. Maryjose se &#8220;ech\u00f3 a la bolsa&#8221; a la ciudadan\u00eda..<\/p>\n\n\n\n<p>Ella lo dijo muy claro.. De que no va a permitir este incremento porque no hay inversi\u00f3n real en la red de agua potable, llevan menos de 200 millones de pesos invertidos en lo que llevan operando el agua en Boca del R\u00edo, cuando la inversi\u00f3n que debieran estar haciendo es por casi 700 millones de pesos.. Y no ha sido as\u00ed.. Por lo que no habr\u00e1 incremento al precio de las tarifas.. Es la &#8220;guerra&#8221; pero en esta, la presidenta municipal cuenta con el apoyo.. Y m\u00e1s todav\u00eda que la empresa CAB no quiere que se hagan p\u00fablicas o se graben las reuniones de la alcaldesa con los socios de la compa\u00f1\u00eda.. Todo lo quieren en lo &#8220;oscurito&#8221; y Maryjose Gamboa dijo que NO.. Hoy la alcaldesa cuenta con el total respaldo ciudadano y la apoyan en esta lucha.. BIEN..<\/p>\n","protected":false},"excerpt":{"rendered":"<p>Ricardo Chua El tema de los ataques que este martes realiz\u00f3 el pap\u00e1 del ex gobernador Cuitl\u00e1huac Garc\u00eda, el ex diputado local, Atanasio Garc\u00eda Dur\u00e1n, en contra de las acciones que ha emprendido como mandataria estatal Roc\u00edo Nahle, y que lo hizo p\u00fablico a trav\u00e9s de los medios de comunicaci\u00f3n.. &#8220;Garganta Profunda&#8221; se\u00f1ala que esto [&hellip;]<\/p>\n","protected":false},"author":29,"featured_media":215903,"comment_status":"open","ping_status":"open","sticky":false,"template":"","format":"standard","meta":{"_monsterinsights_skip_tracking":false,"_monsterinsights_sitenote_active":false,"_monsterinsights_sitenote_note":"","_monsterinsights_sitenote_category":0,"footnotes":""},"categories":[245],"tags":[327],"class_list":["post-215902","post","type-post","status-publish","format-standard","has-post-thumbnail","hentry","category-dialogos-de-poder","tag-ricardo-chua","wp-image-borders"],"amp_enabled":true,"_links":{"self":[{"href":"https:\/\/nvnoticias.mx\/index.php\/wp-json\/wp\/v2\/posts\/215902","targetHints":{"allow":["GET"]}}],"collection":[{"href":"https:\/\/nvnoticias.mx\/index.php\/wp-json\/wp\/v2\/posts"}],"about":[{"href":"https:\/\/nvnoticias.mx\/index.php\/wp-json\/wp\/v2\/types\/post"}],"author":[{"embeddable":true,"href":"https:\/\/nvnoticias.mx\/index.php\/wp-json\/wp\/v2\/users\/29"}],"replies":[{"embeddable":true,"href":"https:\/\/nvnoticias.mx\/index.php\/wp-json\/wp\/v2\/comments?post=215902"}],"version-history":[{"count":1,"href":"https:\/\/nvnoticias.mx\/index.php\/wp-json\/wp\/v2\/posts\/215902\/revisions"}],"predecessor-version":[{"id":215904,"href":"https:\/\/nvnoticias.mx\/index.php\/wp-json\/wp\/v2\/posts\/215902\/revisions\/215904"}],"wp:featuredmedia":[{"embeddable":true,"href":"https:\/\/nvnoticias.mx\/index.php\/wp-json\/wp\/v2\/media\/215903"}],"wp:attachment":[{"href":"https:\/\/nvnoticias.mx\/index.php\/wp-json\/wp\/v2\/media?parent=215902"}],"wp:term":[{"taxonomy":"category","embeddable":true,"href":"https:\/\/nvnoticias.mx\/index.php\/wp-json\/wp\/v2\/categories?post=215902"},{"taxonomy":"post_tag","embeddable":true,"href":"https:\/\/nvnoticias.mx\/index.php\/wp-json\/wp\/v2\/tags?post=215902"}],"curies":[{"name":"wp","href":"https:\/\/api.w.org\/{rel}","templated":true}]}}