{"id":215865,"date":"2026-04-29T15:11:43","date_gmt":"2026-04-29T21:11:43","guid":{"rendered":"https:\/\/nvnoticias.mx\/?p=215865"},"modified":"2026-04-29T15:11:52","modified_gmt":"2026-04-29T21:11:52","slug":"diputados-de-morena-cuestionan-si-procede-desafuero-de-rocha-moya","status":"publish","type":"post","link":"https:\/\/nvnoticias.mx\/index.php\/2026\/04\/29\/diputados-de-morena-cuestionan-si-procede-desafuero-de-rocha-moya\/","title":{"rendered":"Diputados de Morena cuestionan si procede desafuero de Rocha Moya"},"content":{"rendered":"\n<p>La acusaci\u00f3n del Departamento de Justicia contra el gobernador de Sinaloa, Rub\u00e9n Rocha Moya, por sus presuntos v\u00ednculos con el c\u00e1rtel de Sinaloa generaron \u201cinquietud\u201d en la bancada de Morena en la C\u00e1mara de Diputados y, de inmediato, legisladores de ese partido comenzaron a preguntar si proceder\u00eda un juicio de desafuero contra el Ejecutivo estatal.<\/p>\n\n\n\n<p>\u201cDesde luego es una imputaci\u00f3n grave. Y tampoco hay que ser un genio para saber de d\u00f3nde vienen las imputaciones, pues est\u00e1n m\u00e1s o menos marcadas. Ya me estaban preguntando algunos compa\u00f1eros si proceder\u00eda un juicio para quitarle el fuero al gobernador\u201d, revel\u00f3 el presidente de la Secci\u00f3n Instructora, Hugo Eric Flores.<\/p>\n\n\n\n<p>No obstante, el legislador manifest\u00f3 que no corresponder\u00eda a la C\u00e1mara de Diputados iniciar el juicio de procedencia contra Rocha Moya, sino a la legislatura local.<\/p>\n\n\n\n<p>Esto, aun cuando en el art\u00edculo 111 de la Constituci\u00f3n se prev\u00e9 que, para proceder por delitos federales contra los gobernadores, primero la C\u00e1mara de Diputados debe realizar un juicio de procedencia para retirarles la inmunidad constitucional (fuero) \u201cpara el efecto de que se comunique a las legislaturas locales, para que en el ejercicio de sus atribuciones procedan como corresponda\u201d.<\/p>\n\n\n\n<p>En entrevista, tras conocerse las imputaciones contra Rocha Moya, el senador, Enrique Inzunza (Morena), y un grupo de funcionarios de Sinaloa, el diputado federal coment\u00f3:<\/p>\n\n\n\n<p>\u201cSe me acercaron ya varios compa\u00f1eros a preguntarme. Y, pues, lo primero que yo les dije \u2018algunos de ustedes ya estuvieron aqu\u00ed cuando (el desafuero de Francisco Garc\u00eda) Cabeza de Vaca. Los fueros constitucionales federales los quita el Congreso Federal.<\/p>\n\n\n\n<p>Fuente: La <a href=\"https:\/\/www.jornada.com.mx\/noticia\/2026\/04\/29\/politica\/diputados-de-morena-cuestionan-si-procede-desafuero-de-rocha-moya-tras-imputaciones-del-departamento-de-justicia\">Jornada<\/a> <\/p>\n","protected":false},"excerpt":{"rendered":"<p>La acusaci\u00f3n del Departamento de Justicia contra el gobernador de Sinaloa, Rub\u00e9n Rocha Moya, por sus presuntos v\u00ednculos con el c\u00e1rtel de Sinaloa generaron \u201cinquietud\u201d en la bancada de Morena en la C\u00e1mara de Diputados y, de inmediato, legisladores de ese partido comenzaron a preguntar si proceder\u00eda un juicio de desafuero contra el Ejecutivo estatal. [&hellip;]<\/p>\n","protected":false},"author":35,"featured_media":215867,"comment_status":"open","ping_status":"open","sticky":false,"template":"","format":"standard","meta":{"_monsterinsights_skip_tracking":false,"_monsterinsights_sitenote_active":false,"_monsterinsights_sitenote_note":"","_monsterinsights_sitenote_category":0,"footnotes":""},"categories":[158],"tags":[183,252,31404],"class_list":["post-215865","post","type-post","status-publish","format-standard","has-post-thumbnail","hentry","category-politica","tag-estados-unidos","tag-morena","tag-ruben-rocha-moya-2","wp-image-borders"],"amp_enabled":true,"_links":{"self":[{"href":"https:\/\/nvnoticias.mx\/index.php\/wp-json\/wp\/v2\/posts\/215865","targetHints":{"allow":["GET"]}}],"collection":[{"href":"https:\/\/nvnoticias.mx\/index.php\/wp-json\/wp\/v2\/posts"}],"about":[{"href":"https:\/\/nvnoticias.mx\/index.php\/wp-json\/wp\/v2\/types\/post"}],"author":[{"embeddable":true,"href":"https:\/\/nvnoticias.mx\/index.php\/wp-json\/wp\/v2\/users\/35"}],"replies":[{"embeddable":true,"href":"https:\/\/nvnoticias.mx\/index.php\/wp-json\/wp\/v2\/comments?post=215865"}],"version-history":[{"count":3,"href":"https:\/\/nvnoticias.mx\/index.php\/wp-json\/wp\/v2\/posts\/215865\/revisions"}],"predecessor-version":[{"id":215869,"href":"https:\/\/nvnoticias.mx\/index.php\/wp-json\/wp\/v2\/posts\/215865\/revisions\/215869"}],"wp:featuredmedia":[{"embeddable":true,"href":"https:\/\/nvnoticias.mx\/index.php\/wp-json\/wp\/v2\/media\/215867"}],"wp:attachment":[{"href":"https:\/\/nvnoticias.mx\/index.php\/wp-json\/wp\/v2\/media?parent=215865"}],"wp:term":[{"taxonomy":"category","embeddable":true,"href":"https:\/\/nvnoticias.mx\/index.php\/wp-json\/wp\/v2\/categories?post=215865"},{"taxonomy":"post_tag","embeddable":true,"href":"https:\/\/nvnoticias.mx\/index.php\/wp-json\/wp\/v2\/tags?post=215865"}],"curies":[{"name":"wp","href":"https:\/\/api.w.org\/{rel}","templated":true}]}}