{"id":215859,"date":"2026-04-29T15:02:53","date_gmt":"2026-04-29T21:02:53","guid":{"rendered":"https:\/\/nvnoticias.mx\/?p=215859"},"modified":"2026-04-29T15:03:06","modified_gmt":"2026-04-29T21:03:06","slug":"sre-recibe-solicitud-para-extradicion-de-rocha-moya","status":"publish","type":"post","link":"https:\/\/nvnoticias.mx\/index.php\/2026\/04\/29\/sre-recibe-solicitud-para-extradicion-de-rocha-moya\/","title":{"rendered":"SRE recibe solicitud para extradici\u00f3n de Rocha Moya"},"content":{"rendered":"\n<p>Luego de que la Fiscal\u00eda de Nueva York acus\u00f3 formalmente al gobernador Rub\u00e9n Rocha Moya y a ocho funcionarios y ex funcionarios de esa entidad de presuntos v\u00ednculos con el c\u00e1rtel de Sinaloa, la Secretar\u00eda de Relaciones Exteriores (SRE) confirm\u00f3 este mi\u00e9rcoles que recibi\u00f3 solicitudes de detenci\u00f3n provisional con fines de extradici\u00f3n remitidas por el gobierno de Estados Unidos, pero subray\u00f3 que la documentaci\u00f3n \u201cno cuenta con elementos de prueba\u201d suficientes para determinar la responsabilidad de los se\u00f1alados.<\/p>\n\n\n\n<p>Sin hacer menci\u00f3n expl\u00edcita de Rocha Moya o de alg\u00fan otro se\u00f1alado, la Canciller\u00eda agreg\u00f3 que el expediente fue turnado a la Fiscal\u00eda General de la Rep\u00fablica (FGR) para que determine la viabilidad de las solicitudes de detenci\u00f3n conforme al marco jur\u00eddico nacional.<\/p>\n\n\n\n<p>En un comunicado, la Canciller\u00eda inform\u00f3 que las solicitudes fueron recibidas el 28 de abril a las 18 horas y precis\u00f3 que, tras una revisi\u00f3n jur\u00eddica realizada en el marco del Tratado de Extradici\u00f3n bilateral y de la Ley de Extradici\u00f3n Internacional, se concluy\u00f3 que los documentos enviados por la Embajada estadunidense carecen de elementos probatorios que sustenten, en esta etapa, la presunta responsabilidad de las personas cuya detenci\u00f3n provisional se solicita.<\/p>\n\n\n\n<p>No obstante, la dependencia indic\u00f3 que, conforme al procedimiento legal vigente, corresponde a la FGR analizar la informaci\u00f3n remitida y determinar si existen elementos de prueba v\u00e1lidos bajo el sistema jur\u00eddico mexicano, as\u00ed como la viabilidad de ejecutar las solicitudes de detenci\u00f3n provisional con fines de extradici\u00f3n.<\/p>\n\n\n\n<p>La SRE tambi\u00e9n se\u00f1al\u00f3 que los tratados internacionales en la materia contienen disposiciones espec\u00edficas de confidencialidad sobre este tipo de procedimientos, por lo que anunci\u00f3 que enviar\u00e1 un extra\u00f1amiento a la Embajada de Estados Unidos por la forma en que la informaci\u00f3n fue dada a conocer p\u00fablicamente.<\/p>\n\n\n\n<p>Fuente: La <a href=\"https:\/\/www.jornada.com.mx\/noticia\/2026\/04\/29\/politica\/sre-recibe-solicitud-de-extradicion-de-rocha-moya-senala-falta-de-pruebas-de-eu\">Jornada<\/a> <\/p>\n","protected":false},"excerpt":{"rendered":"<p>Luego de que la Fiscal\u00eda de Nueva York acus\u00f3 formalmente al gobernador Rub\u00e9n Rocha Moya y a ocho funcionarios y ex funcionarios de esa entidad de presuntos v\u00ednculos con el c\u00e1rtel de Sinaloa, la Secretar\u00eda de Relaciones Exteriores (SRE) confirm\u00f3 este mi\u00e9rcoles que recibi\u00f3 solicitudes de detenci\u00f3n provisional con fines de extradici\u00f3n remitidas por el [&hellip;]<\/p>\n","protected":false},"author":35,"featured_media":215861,"comment_status":"open","ping_status":"open","sticky":false,"template":"","format":"standard","meta":{"_monsterinsights_skip_tracking":false,"_monsterinsights_sitenote_active":false,"_monsterinsights_sitenote_note":"","_monsterinsights_sitenote_category":0,"footnotes":""},"categories":[158],"tags":[183,162,31404,5627],"class_list":["post-215859","post","type-post","status-publish","format-standard","has-post-thumbnail","hentry","category-politica","tag-estados-unidos","tag-portada","tag-ruben-rocha-moya-2","tag-sre","wp-image-borders"],"amp_enabled":true,"_links":{"self":[{"href":"https:\/\/nvnoticias.mx\/index.php\/wp-json\/wp\/v2\/posts\/215859","targetHints":{"allow":["GET"]}}],"collection":[{"href":"https:\/\/nvnoticias.mx\/index.php\/wp-json\/wp\/v2\/posts"}],"about":[{"href":"https:\/\/nvnoticias.mx\/index.php\/wp-json\/wp\/v2\/types\/post"}],"author":[{"embeddable":true,"href":"https:\/\/nvnoticias.mx\/index.php\/wp-json\/wp\/v2\/users\/35"}],"replies":[{"embeddable":true,"href":"https:\/\/nvnoticias.mx\/index.php\/wp-json\/wp\/v2\/comments?post=215859"}],"version-history":[{"count":3,"href":"https:\/\/nvnoticias.mx\/index.php\/wp-json\/wp\/v2\/posts\/215859\/revisions"}],"predecessor-version":[{"id":215863,"href":"https:\/\/nvnoticias.mx\/index.php\/wp-json\/wp\/v2\/posts\/215859\/revisions\/215863"}],"wp:featuredmedia":[{"embeddable":true,"href":"https:\/\/nvnoticias.mx\/index.php\/wp-json\/wp\/v2\/media\/215861"}],"wp:attachment":[{"href":"https:\/\/nvnoticias.mx\/index.php\/wp-json\/wp\/v2\/media?parent=215859"}],"wp:term":[{"taxonomy":"category","embeddable":true,"href":"https:\/\/nvnoticias.mx\/index.php\/wp-json\/wp\/v2\/categories?post=215859"},{"taxonomy":"post_tag","embeddable":true,"href":"https:\/\/nvnoticias.mx\/index.php\/wp-json\/wp\/v2\/tags?post=215859"}],"curies":[{"name":"wp","href":"https:\/\/api.w.org\/{rel}","templated":true}]}}