{"id":215853,"date":"2026-04-29T14:58:07","date_gmt":"2026-04-29T20:58:07","guid":{"rendered":"https:\/\/nvnoticias.mx\/?p=215853"},"modified":"2026-04-29T14:58:16","modified_gmt":"2026-04-29T20:58:16","slug":"ruben-rocha-rechaza-acusaciones-de-eu","status":"publish","type":"post","link":"https:\/\/nvnoticias.mx\/index.php\/2026\/04\/29\/ruben-rocha-rechaza-acusaciones-de-eu\/","title":{"rendered":"Rub\u00e9n Rocha rechaza acusaciones de EU"},"content":{"rendered":"\n<p>El gobernador de Sinaloa, el morenista Rub\u00e9n Rocha Moya, rechaz\u00f3 las acusaciones que la Fiscal\u00eda Federal del Distrito Sur de Nueva York hizo en su contra, con el argumento de que \u201ccarecen de veracidad y fundamento alguno. \u201cY as\u00ed se demostrar\u00e1, con toda contundencia, en el momento oportuno\u201d, puntualiz\u00f3.<\/p>\n\n\n\n<p>\u201cRechazo categ\u00f3rica y absolutamente las imputaciones formuladas en mi contra por la Fiscal\u00eda Federal del Distrito Sur de Nueva York, ya que carecen de veracidad y fundamento alguno. Y as\u00ed se demostrar\u00e1, con toda contundencia, en el momento oportuno\u201d, escribi\u00f3 en su cuenta de X.<\/p>\n\n\n\n<p>Subray\u00f3 que \u201ceste ataque no es \u00fanicamente a mi persona, sino al movimiento de la Cuarta Transformaci\u00f3n, a sus emblem\u00e1ticos liderazgos, y a las y los mexicanos que representamos esa causa\u201d.<\/p>\n\n\n\n<p>Se inscribe, agreg\u00f3, en una perversa estrategia para violentar el orden constitucional, espec\u00edficamente la soberan\u00eda nacional que preconiza el art\u00edculo 40 de la Constituci\u00f3n Pol\u00edtica de los Estados Unidos Mexicanos, que nuestro movimiento defiende como principio invariable e innegociable.<\/p>\n\n\n\n<p>\u201cA las y los sinaloenses les digo que, con el valor y la dignidad que nos caracterizan, demostraremos la falta de sustento de esta calumnia\u201d, concluy\u00f3 Rocha Moya.<\/p>\n\n\n\n<p>Fuente: La <a href=\"https:\/\/www.jornada.com.mx\/noticia\/2026\/04\/29\/politica\/ruben-rocha-rechaza-acusaciones-de-eu-carecen-de-veracidad-dice\">Jornada<\/a> <\/p>\n","protected":false},"excerpt":{"rendered":"<p>El gobernador de Sinaloa, el morenista Rub\u00e9n Rocha Moya, rechaz\u00f3 las acusaciones que la Fiscal\u00eda Federal del Distrito Sur de Nueva York hizo en su contra, con el argumento de que \u201ccarecen de veracidad y fundamento alguno. \u201cY as\u00ed se demostrar\u00e1, con toda contundencia, en el momento oportuno\u201d, puntualiz\u00f3. \u201cRechazo categ\u00f3rica y absolutamente las imputaciones [&hellip;]<\/p>\n","protected":false},"author":35,"featured_media":215855,"comment_status":"open","ping_status":"open","sticky":false,"template":"","format":"standard","meta":{"_monsterinsights_skip_tracking":false,"_monsterinsights_sitenote_active":false,"_monsterinsights_sitenote_note":"","_monsterinsights_sitenote_category":0,"footnotes":""},"categories":[158],"tags":[183,162,31404],"class_list":["post-215853","post","type-post","status-publish","format-standard","has-post-thumbnail","hentry","category-politica","tag-estados-unidos","tag-portada","tag-ruben-rocha-moya-2","wp-image-borders"],"amp_enabled":true,"_links":{"self":[{"href":"https:\/\/nvnoticias.mx\/index.php\/wp-json\/wp\/v2\/posts\/215853","targetHints":{"allow":["GET"]}}],"collection":[{"href":"https:\/\/nvnoticias.mx\/index.php\/wp-json\/wp\/v2\/posts"}],"about":[{"href":"https:\/\/nvnoticias.mx\/index.php\/wp-json\/wp\/v2\/types\/post"}],"author":[{"embeddable":true,"href":"https:\/\/nvnoticias.mx\/index.php\/wp-json\/wp\/v2\/users\/35"}],"replies":[{"embeddable":true,"href":"https:\/\/nvnoticias.mx\/index.php\/wp-json\/wp\/v2\/comments?post=215853"}],"version-history":[{"count":2,"href":"https:\/\/nvnoticias.mx\/index.php\/wp-json\/wp\/v2\/posts\/215853\/revisions"}],"predecessor-version":[{"id":215856,"href":"https:\/\/nvnoticias.mx\/index.php\/wp-json\/wp\/v2\/posts\/215853\/revisions\/215856"}],"wp:featuredmedia":[{"embeddable":true,"href":"https:\/\/nvnoticias.mx\/index.php\/wp-json\/wp\/v2\/media\/215855"}],"wp:attachment":[{"href":"https:\/\/nvnoticias.mx\/index.php\/wp-json\/wp\/v2\/media?parent=215853"}],"wp:term":[{"taxonomy":"category","embeddable":true,"href":"https:\/\/nvnoticias.mx\/index.php\/wp-json\/wp\/v2\/categories?post=215853"},{"taxonomy":"post_tag","embeddable":true,"href":"https:\/\/nvnoticias.mx\/index.php\/wp-json\/wp\/v2\/tags?post=215853"}],"curies":[{"name":"wp","href":"https:\/\/api.w.org\/{rel}","templated":true}]}}