{"id":215843,"date":"2026-04-29T14:55:06","date_gmt":"2026-04-29T20:55:06","guid":{"rendered":"https:\/\/nvnoticias.mx\/?p=215843"},"modified":"2026-04-29T14:59:14","modified_gmt":"2026-04-29T20:59:14","slug":"eu-acusa-a-gobernador-rocha-moya-de-narcotrafico","status":"publish","type":"post","link":"https:\/\/nvnoticias.mx\/index.php\/2026\/04\/29\/eu-acusa-a-gobernador-rocha-moya-de-narcotrafico\/","title":{"rendered":"EU acusa a gobernador Rocha Moya de narc*tr\u00e1fico"},"content":{"rendered":"\n<p>El \u2060Departamento de \u2060Justicia (DOJ, \u2060por sus siglas en ingl\u00e9s) de Estados Unidos present\u00f3 cargos este mi\u00e9rcoles contra el gobernador \u2060del estado \u200bmexicano Sinaloa, Rub\u00e9n \u2060Rocha, y otros funcionarios y ex funcionarios, \u200cpor su \u200cpresunta vinculaci\u00f3n con el&nbsp;<em>C\u00e1rtel de Sinaloa<\/em>.<\/p>\n\n\n\n<p>El \u200bDOJ afirm\u00f3 que \u200bRocha \u200by los dem\u00e1s \u200cse\u00f1alados presuntamente conspiraron con l\u00edderes de la organizaci\u00f3n criminal para importar grandes cantidades de narc\u00f3ticos a Estados Unidos a cambio de \u200capoyo pol\u00edtico y sobornos.<\/p>\n\n\n\n<p>\u201cLos acusados \u200b\u200bson todos funcionarios de alto rango, actuales o anteriores, del gobierno y las fuerzas del orden del estado mexicano de Sinaloa, incluido el actual gobernador de Sinaloa, Rub\u00e9n Rocha Moya, y se les acusa de haberse asociado con el C\u00e1rtel de Sinaloa para distribuir grandes cantidades de narc\u00f3ticos a Estados Unidos\u201d, se\u00f1ala el comunicado.<\/p>\n\n\n\n<p>Seg\u00fan la acusaci\u00f3n, los Chapitos \u2014hijos de Joaqu\u00edn &#8220;El Chapo&#8221; Guzm\u00e1n\u2014 contribuyeron a la elecci\u00f3n de Rocha Moya mediante el secuestro e intimidaci\u00f3n de sus rivales pol\u00edticos. Una vez en el cargo, el 1 de noviembre de 2021, Rocha Moya habr\u00eda asistido a reuniones con ellos y prometido protecci\u00f3n para sus operaciones de narcotr\u00e1fico hacia EU.&nbsp;<\/p>\n\n\n\n<p>El anuncio fue realizado por el Fiscal Federal del Distrito Sur de Nueva York, Jay Clayton, y el Administrador de la DEA, Terrance C. Cole. El caso fue asignado a la jueza federal Katherine Polk Failla.<\/p>\n\n\n\n<p>Fuente: La <a href=\"https:\/\/www.jornada.com.mx\/noticia\/2026\/04\/29\/politica\/estados-unidos-acusa-a-gobernador-ruben-rocha-de-narcotrafico\">Jornada<\/a> <\/p>\n","protected":false},"excerpt":{"rendered":"<p>El \u2060Departamento de \u2060Justicia (DOJ, \u2060por sus siglas en ingl\u00e9s) de Estados Unidos present\u00f3 cargos este mi\u00e9rcoles contra el gobernador \u2060del estado \u200bmexicano Sinaloa, Rub\u00e9n \u2060Rocha, y otros funcionarios y ex funcionarios, \u200cpor su \u200cpresunta vinculaci\u00f3n con el&nbsp;C\u00e1rtel de Sinaloa. El \u200bDOJ afirm\u00f3 que \u200bRocha \u200by los dem\u00e1s \u200cse\u00f1alados presuntamente conspiraron con l\u00edderes de la [&hellip;]<\/p>\n","protected":false},"author":35,"featured_media":215846,"comment_status":"open","ping_status":"open","sticky":false,"template":"","format":"standard","meta":{"_monsterinsights_skip_tracking":false,"_monsterinsights_sitenote_active":false,"_monsterinsights_sitenote_note":"","_monsterinsights_sitenote_category":0,"footnotes":""},"categories":[181],"tags":[183,292,162,31396],"class_list":["post-215843","post","type-post","status-publish","format-standard","has-post-thumbnail","hentry","category-internacional","tag-estados-unidos","tag-mexico","tag-portada","tag-rocha-moya","wp-image-borders"],"amp_enabled":true,"_links":{"self":[{"href":"https:\/\/nvnoticias.mx\/index.php\/wp-json\/wp\/v2\/posts\/215843","targetHints":{"allow":["GET"]}}],"collection":[{"href":"https:\/\/nvnoticias.mx\/index.php\/wp-json\/wp\/v2\/posts"}],"about":[{"href":"https:\/\/nvnoticias.mx\/index.php\/wp-json\/wp\/v2\/types\/post"}],"author":[{"embeddable":true,"href":"https:\/\/nvnoticias.mx\/index.php\/wp-json\/wp\/v2\/users\/35"}],"replies":[{"embeddable":true,"href":"https:\/\/nvnoticias.mx\/index.php\/wp-json\/wp\/v2\/comments?post=215843"}],"version-history":[{"count":5,"href":"https:\/\/nvnoticias.mx\/index.php\/wp-json\/wp\/v2\/posts\/215843\/revisions"}],"predecessor-version":[{"id":215858,"href":"https:\/\/nvnoticias.mx\/index.php\/wp-json\/wp\/v2\/posts\/215843\/revisions\/215858"}],"wp:featuredmedia":[{"embeddable":true,"href":"https:\/\/nvnoticias.mx\/index.php\/wp-json\/wp\/v2\/media\/215846"}],"wp:attachment":[{"href":"https:\/\/nvnoticias.mx\/index.php\/wp-json\/wp\/v2\/media?parent=215843"}],"wp:term":[{"taxonomy":"category","embeddable":true,"href":"https:\/\/nvnoticias.mx\/index.php\/wp-json\/wp\/v2\/categories?post=215843"},{"taxonomy":"post_tag","embeddable":true,"href":"https:\/\/nvnoticias.mx\/index.php\/wp-json\/wp\/v2\/tags?post=215843"}],"curies":[{"name":"wp","href":"https:\/\/api.w.org\/{rel}","templated":true}]}}