{"id":215837,"date":"2026-04-29T14:51:24","date_gmt":"2026-04-29T20:51:24","guid":{"rendered":"https:\/\/nvnoticias.mx\/?p=215837"},"modified":"2026-04-29T14:51:31","modified_gmt":"2026-04-29T20:51:31","slug":"ople-preve-arranque-de-proceso-electoral-juridica-en-septiembre","status":"publish","type":"post","link":"https:\/\/nvnoticias.mx\/index.php\/2026\/04\/29\/ople-preve-arranque-de-proceso-electoral-juridica-en-septiembre\/","title":{"rendered":"OPLE prev\u00e9 arranque de proceso electoral jur\u00eddica en septiembre"},"content":{"rendered":"\n<p><\/p>\n\n\n\n<p><strong>Sam Ojeda \/ NV Noticias<\/strong><\/p>\n\n\n\n<p>Xalapa.- La organizaci\u00f3n de los pr\u00f3ximos procesos electorales en Veracruz se mantiene sujeta a posibles cambios legislativos; sin embargo, el Organismo P\u00fablico Local Electoral (OPLE) proyecta que, de no haber modificaciones, el proceso para la elecci\u00f3n del Poder Judicial arrancar\u00eda en septiembre y el de diputaciones locales en noviembre.<\/p>\n\n\n\n<p>La consejera presidenta del OPLE, Marisol Alicia Delgadillo Morales, advirti\u00f3 que el calendario a\u00fan no es definitivo debido a que contin\u00faan pendientes las determinaciones derivadas de la reforma electoral a nivel federal.<\/p>\n\n\n\n<p>\u201cPor el momento seguimos organiz\u00e1ndonos para lo que ser\u00e1n los siguientes procesos electorales, que hasta otra cosa no se determine por parte de los legisladores en el mes de septiembre estar\u00edamos iniciando la elecci\u00f3n del Poder Judicial, la parte faltante y en el mes de noviembre estar\u00edamos iniciando la elecci\u00f3n de diputaciones del \u00e1mbito local\u201d.<\/p>\n\n\n\n<p>Indic\u00f3 que tanto el OPLE como el Instituto Nacional Electoral (INE) trabajan en distintos escenarios para hacer frente a un proceso concurrente de alta complejidad rumbo a 2027.<\/p>\n\n\n\n<p>\u201cTanto el INE como el OPLE Veracruz vienen trabajando ya lo que ser\u00e1n estos escenarios para brindar a la ciudadan\u00eda procesos electorales de alta calidad\u201d.<\/p>\n\n\n\n<p>A\u00f1adi\u00f3 que como parte de esta preparaci\u00f3n se prev\u00e9 un encuentro entre autoridades electorales locales y federales para analizar los retos operativos y jur\u00eddicos que implicar\u00e1n estos comicios.<\/p>\n\n\n\n<p>\u201cEstaremos tambi\u00e9n generando una actividad de manera coordinada con el Instituto Nacional Electoral, estar\u00edamos confirmando para finales de mes de mayo la realizaci\u00f3n de un foro con las consejer\u00edas de los organismos p\u00fablicos locales, electorales, magistraturas del \u00e1mbito local y federal, as\u00ed como el propio Instituto Nacional Electoral\u201d.<\/p>\n\n\n\n<p>Subray\u00f3 que el escenario electoral contempla m\u00faltiples elecciones concurrentes, incluidas gubernaturas, diputaciones, ayuntamientos y procesos judiciales, lo que incrementa la carga organizativa.<\/p>\n\n\n\n<p>\u201cEl escenario del 2027 en estos momentos implica pues un alto reto de organizaci\u00f3n, de operaci\u00f3n de estas elecciones de cara ya al inicio de los procesos\u201d.<\/p>\n\n\n\n<p><\/p>\n","protected":false},"excerpt":{"rendered":"<p>Sam Ojeda \/ NV Noticias Xalapa.- La organizaci\u00f3n de los pr\u00f3ximos procesos electorales en Veracruz se mantiene sujeta a posibles cambios legislativos; sin embargo, el Organismo P\u00fablico Local Electoral (OPLE) proyecta que, de no haber modificaciones, el proceso para la elecci\u00f3n del Poder Judicial arrancar\u00eda en septiembre y el de diputaciones locales en noviembre. La [&hellip;]<\/p>\n","protected":false},"author":8,"featured_media":179686,"comment_status":"open","ping_status":"open","sticky":false,"template":"","format":"standard","meta":{"_monsterinsights_skip_tracking":false,"_monsterinsights_sitenote_active":false,"_monsterinsights_sitenote_note":"","_monsterinsights_sitenote_category":0,"footnotes":""},"categories":[156],"tags":[530,1657],"class_list":["post-215837","post","type-post","status-publish","format-standard","has-post-thumbnail","hentry","category-estado","tag-ople","tag-proceso-electoral","wp-image-borders"],"amp_enabled":true,"_links":{"self":[{"href":"https:\/\/nvnoticias.mx\/index.php\/wp-json\/wp\/v2\/posts\/215837","targetHints":{"allow":["GET"]}}],"collection":[{"href":"https:\/\/nvnoticias.mx\/index.php\/wp-json\/wp\/v2\/posts"}],"about":[{"href":"https:\/\/nvnoticias.mx\/index.php\/wp-json\/wp\/v2\/types\/post"}],"author":[{"embeddable":true,"href":"https:\/\/nvnoticias.mx\/index.php\/wp-json\/wp\/v2\/users\/8"}],"replies":[{"embeddable":true,"href":"https:\/\/nvnoticias.mx\/index.php\/wp-json\/wp\/v2\/comments?post=215837"}],"version-history":[{"count":1,"href":"https:\/\/nvnoticias.mx\/index.php\/wp-json\/wp\/v2\/posts\/215837\/revisions"}],"predecessor-version":[{"id":215840,"href":"https:\/\/nvnoticias.mx\/index.php\/wp-json\/wp\/v2\/posts\/215837\/revisions\/215840"}],"wp:featuredmedia":[{"embeddable":true,"href":"https:\/\/nvnoticias.mx\/index.php\/wp-json\/wp\/v2\/media\/179686"}],"wp:attachment":[{"href":"https:\/\/nvnoticias.mx\/index.php\/wp-json\/wp\/v2\/media?parent=215837"}],"wp:term":[{"taxonomy":"category","embeddable":true,"href":"https:\/\/nvnoticias.mx\/index.php\/wp-json\/wp\/v2\/categories?post=215837"},{"taxonomy":"post_tag","embeddable":true,"href":"https:\/\/nvnoticias.mx\/index.php\/wp-json\/wp\/v2\/tags?post=215837"}],"curies":[{"name":"wp","href":"https:\/\/api.w.org\/{rel}","templated":true}]}}