{"id":215836,"date":"2026-04-29T14:51:51","date_gmt":"2026-04-29T20:51:51","guid":{"rendered":"https:\/\/nvnoticias.mx\/?p=215836"},"modified":"2026-04-29T14:51:59","modified_gmt":"2026-04-29T20:51:59","slug":"mat-israel-a-socorristas-libaneses-que-realizaban-mision-de-rescate","status":"publish","type":"post","link":"https:\/\/nvnoticias.mx\/index.php\/2026\/04\/29\/mat-israel-a-socorristas-libaneses-que-realizaban-mision-de-rescate\/","title":{"rendered":"Mat* Israel a socorristas libaneses que realizaban misi\u00f3n de rescate"},"content":{"rendered":"\n<p>Al menos 10 personas fueron asesinadas ayer por el ej\u00e9rcito israel\u00ed en el sur de L\u00edbano, entre ellos tres rescatistas; adem\u00e1s, dos soldados resultaron heridos, pese al alto el fuego que entr\u00f3 en vigor a mediados de abril.<\/p>\n\n\n\n<p>Los militares heridos participaban en una misi\u00f3n de rescate en un edificio de la localidad de Majdal Zoun y estaban acompa\u00f1ados de los socorristas de la Defensa Civil, quienes murieron bajo los escombros tras ser atacados por soldados israel\u00edes en un \u201cataque selectivo\u201d, confirm\u00f3 el ej\u00e9rcito liban\u00e9s.<\/p>\n\n\n\n<p>En tanto, el ministerio de Salud de L\u00edbano confirm\u00f3 que dos personas m\u00e1s perdieron la vida en estos bombardeos.<\/p>\n\n\n\n<p>En el municipio de Juya, ataques de las Fuerzas de Defensa de Israel (FDI) causaron la muerte a una persona e hirieron a otras 15, entre ellas cinco ni\u00f1os, mientras en la ciudad de Jebchit, un bombardeo dej\u00f3 dos fallecidos y 13 lesionados, indic\u00f3 la autoridad sanitaria en un comunicado difundido por la agencia de noticias estatal NNA.<\/p>\n\n\n\n<p>El ministerio de Salud actualiz\u00f3 el n\u00famero de muertes ocasionadas por las FDI a 2 mil 534 y la cifra de heridos a 7 mil 863, report\u00f3 la agencia Sputnik.<\/p>\n\n\n\n<p>Fuente: La <a href=\"https:\/\/www.jornada.com.mx\/noticia\/2026\/04\/29\/mundo\/mata-israel-a-socorristas-libaneses-que-realizaban-mision-de-rescate\">Jornada<\/a> <\/p>\n","protected":false},"excerpt":{"rendered":"<p>Al menos 10 personas fueron asesinadas ayer por el ej\u00e9rcito israel\u00ed en el sur de L\u00edbano, entre ellos tres rescatistas; adem\u00e1s, dos soldados resultaron heridos, pese al alto el fuego que entr\u00f3 en vigor a mediados de abril. Los militares heridos participaban en una misi\u00f3n de rescate en un edificio de la localidad de Majdal [&hellip;]<\/p>\n","protected":false},"author":35,"featured_media":215839,"comment_status":"open","ping_status":"open","sticky":false,"template":"","format":"standard","meta":{"_monsterinsights_skip_tracking":false,"_monsterinsights_sitenote_active":false,"_monsterinsights_sitenote_note":"","_monsterinsights_sitenote_category":0,"footnotes":""},"categories":[181],"tags":[3337],"class_list":["post-215836","post","type-post","status-publish","format-standard","has-post-thumbnail","hentry","category-internacional","tag-israel","wp-image-borders"],"amp_enabled":true,"_links":{"self":[{"href":"https:\/\/nvnoticias.mx\/index.php\/wp-json\/wp\/v2\/posts\/215836","targetHints":{"allow":["GET"]}}],"collection":[{"href":"https:\/\/nvnoticias.mx\/index.php\/wp-json\/wp\/v2\/posts"}],"about":[{"href":"https:\/\/nvnoticias.mx\/index.php\/wp-json\/wp\/v2\/types\/post"}],"author":[{"embeddable":true,"href":"https:\/\/nvnoticias.mx\/index.php\/wp-json\/wp\/v2\/users\/35"}],"replies":[{"embeddable":true,"href":"https:\/\/nvnoticias.mx\/index.php\/wp-json\/wp\/v2\/comments?post=215836"}],"version-history":[{"count":2,"href":"https:\/\/nvnoticias.mx\/index.php\/wp-json\/wp\/v2\/posts\/215836\/revisions"}],"predecessor-version":[{"id":215841,"href":"https:\/\/nvnoticias.mx\/index.php\/wp-json\/wp\/v2\/posts\/215836\/revisions\/215841"}],"wp:featuredmedia":[{"embeddable":true,"href":"https:\/\/nvnoticias.mx\/index.php\/wp-json\/wp\/v2\/media\/215839"}],"wp:attachment":[{"href":"https:\/\/nvnoticias.mx\/index.php\/wp-json\/wp\/v2\/media?parent=215836"}],"wp:term":[{"taxonomy":"category","embeddable":true,"href":"https:\/\/nvnoticias.mx\/index.php\/wp-json\/wp\/v2\/categories?post=215836"},{"taxonomy":"post_tag","embeddable":true,"href":"https:\/\/nvnoticias.mx\/index.php\/wp-json\/wp\/v2\/tags?post=215836"}],"curies":[{"name":"wp","href":"https:\/\/api.w.org\/{rel}","templated":true}]}}