{"id":215829,"date":"2026-04-29T14:45:24","date_gmt":"2026-04-29T20:45:24","guid":{"rendered":"https:\/\/nvnoticias.mx\/?p=215829"},"modified":"2026-04-29T14:45:31","modified_gmt":"2026-04-29T20:45:31","slug":"celebraran-el-dia-del-nino-en-costa-dorada","status":"publish","type":"post","link":"https:\/\/nvnoticias.mx\/index.php\/2026\/04\/29\/celebraran-el-dia-del-nino-en-costa-dorada\/","title":{"rendered":"Celebrar\u00e1n el D\u00eda del Ni\u00f1o en Costa Dorada"},"content":{"rendered":"\n<p><br><strong>Jes\u00fas Utrilla \/ NV Noticias <\/strong><\/p>\n\n\n\n<p><br>El fraccionamiento Costa Dorada ser\u00e1 sede de un festejo por el D\u00eda del Ni\u00f1o y la Ni\u00f1a con actividades recreativas, juegos y entrega de regalos para menores y sus familias de la zona.<\/p>\n\n\n\n<p><br>Esa\u00fa Hern\u00e1ndez Hern\u00e1ndez, regidor sexto del Ayuntamiento porte\u00f1o, inform\u00f3 que la celebraci\u00f3n se llevar\u00e1 a cabo este mi\u00e9rcoles 30 de abril a las 17:00 horas en la esquina de las calles Hacienda Las Carretas y Hacienda Real, donde esperan reunir a decenas de familias en un ambiente de convivencia comunitaria.<\/p>\n\n\n\n<p><br>El objetivo principal es generar espacios de integraci\u00f3n familiar y brindar a las ni\u00f1as y ni\u00f1os momentos de recreaci\u00f3n en un entorno seguro y positivo, mediante din\u00e1micas y actividades preparadas especialmente para ellos.<\/p>\n\n\n\n<p><br>Indic\u00f3 que durante la jornada habr\u00e1 juegos, concursos, obsequios y diversas sorpresas para los asistentes, como parte de las actividades impulsadas para reconocer la importancia de la ni\u00f1ez dentro de la comunidad.<\/p>\n\n\n\n<p><br>Asimismo, destac\u00f3 que este tipo de acciones forman parte de una agenda cercana a la ciudadan\u00eda, enfocada en fortalecer la convivencia social y atender a distintos sectores de la poblaci\u00f3n.<\/p>\n\n\n\n<p><br>Invit\u00f3 a las familias de Costa Dorada y colonias cercanas a participar en el festejo, reiterando que la intenci\u00f3n es ofrecer a las ni\u00f1as y ni\u00f1os un espacio de alegr\u00eda y sana convivencia.<\/p>\n","protected":false},"excerpt":{"rendered":"<p>Jes\u00fas Utrilla \/ NV Noticias El fraccionamiento Costa Dorada ser\u00e1 sede de un festejo por el D\u00eda del Ni\u00f1o y la Ni\u00f1a con actividades recreativas, juegos y entrega de regalos para menores y sus familias de la zona. Esa\u00fa Hern\u00e1ndez Hern\u00e1ndez, regidor sexto del Ayuntamiento porte\u00f1o, inform\u00f3 que la celebraci\u00f3n se llevar\u00e1 a cabo este [&hellip;]<\/p>\n","protected":false},"author":8,"featured_media":215830,"comment_status":"open","ping_status":"open","sticky":false,"template":"","format":"standard","meta":{"_monsterinsights_skip_tracking":false,"_monsterinsights_sitenote_active":false,"_monsterinsights_sitenote_note":"","_monsterinsights_sitenote_category":0,"footnotes":""},"categories":[154],"tags":[33314,14028],"class_list":["post-215829","post","type-post","status-publish","format-standard","has-post-thumbnail","hentry","category-veracruz","tag-costa-dorada","tag-dia-del-nino","wp-image-borders"],"amp_enabled":true,"_links":{"self":[{"href":"https:\/\/nvnoticias.mx\/index.php\/wp-json\/wp\/v2\/posts\/215829","targetHints":{"allow":["GET"]}}],"collection":[{"href":"https:\/\/nvnoticias.mx\/index.php\/wp-json\/wp\/v2\/posts"}],"about":[{"href":"https:\/\/nvnoticias.mx\/index.php\/wp-json\/wp\/v2\/types\/post"}],"author":[{"embeddable":true,"href":"https:\/\/nvnoticias.mx\/index.php\/wp-json\/wp\/v2\/users\/8"}],"replies":[{"embeddable":true,"href":"https:\/\/nvnoticias.mx\/index.php\/wp-json\/wp\/v2\/comments?post=215829"}],"version-history":[{"count":1,"href":"https:\/\/nvnoticias.mx\/index.php\/wp-json\/wp\/v2\/posts\/215829\/revisions"}],"predecessor-version":[{"id":215831,"href":"https:\/\/nvnoticias.mx\/index.php\/wp-json\/wp\/v2\/posts\/215829\/revisions\/215831"}],"wp:featuredmedia":[{"embeddable":true,"href":"https:\/\/nvnoticias.mx\/index.php\/wp-json\/wp\/v2\/media\/215830"}],"wp:attachment":[{"href":"https:\/\/nvnoticias.mx\/index.php\/wp-json\/wp\/v2\/media?parent=215829"}],"wp:term":[{"taxonomy":"category","embeddable":true,"href":"https:\/\/nvnoticias.mx\/index.php\/wp-json\/wp\/v2\/categories?post=215829"},{"taxonomy":"post_tag","embeddable":true,"href":"https:\/\/nvnoticias.mx\/index.php\/wp-json\/wp\/v2\/tags?post=215829"}],"curies":[{"name":"wp","href":"https:\/\/api.w.org\/{rel}","templated":true}]}}