{"id":215826,"date":"2026-04-29T14:42:58","date_gmt":"2026-04-29T20:42:58","guid":{"rendered":"https:\/\/nvnoticias.mx\/?p=215826"},"modified":"2026-04-29T14:43:05","modified_gmt":"2026-04-29T20:43:05","slug":"pide-ayuda-para-localizar-a-sus-hijos-desaparecidos-en-veracruz","status":"publish","type":"post","link":"https:\/\/nvnoticias.mx\/index.php\/2026\/04\/29\/pide-ayuda-para-localizar-a-sus-hijos-desaparecidos-en-veracruz\/","title":{"rendered":"Pide ayuda para localizar a\u00a0 sus hijos desaparecidos en Veracruz"},"content":{"rendered":"\n<p><br><strong>Jes\u00fas Utrilla \/ NV Noticias <\/strong><\/p>\n\n\n\n<p><br>Desde hace m\u00e1s de una d\u00e9cada, Teresa Garc\u00eda Victorio, madre veracruzana mantiene la b\u00fasqueda de dos de sus hijos desaparecidos en hechos distintos ocurridos en Veracruz. <\/p>\n\n\n\n<p>Durante una jornada de difusi\u00f3n realizada por colectivos de b\u00fasqueda, mostr\u00f3 las fotograf\u00edas de Orel Rosas Garc\u00eda y Eduardo Rosas, quienes desaparecieron en 2015 y 2020 respectivamente, sin que hasta ahora existan avances claros sobre su paradero.<br>La mujer relat\u00f3 que Orel Rosas Garc\u00eda desapareci\u00f3 el 28 de agosto de 2015 cuando se dirig\u00eda a trabajar. <\/p>\n\n\n\n<p>Explic\u00f3 que su hijo era comerciante y se dedicaba a la venta de frutas y verduras junto con su patr\u00f3n, realizando viajes constantes hacia Oaxaca y otros estados.<\/p>\n\n\n\n<p><br>Orel ten\u00eda 26 a\u00f1os al momento de su desaparici\u00f3n y viajaba solo cuando ocurrieron los hechos. Coment\u00f3 que posteriormente un amigo le proporcion\u00f3 algunos datos sobre lo sucedido, aunque despu\u00e9s dej\u00f3 de colaborar por temor tras haber recibido amenazas.<\/p>\n\n\n\n<p><br>Cinco a\u00f1os despu\u00e9s, la familia volvi\u00f3 a enfrentar otra desaparici\u00f3n. Eduardo Rosas, tambi\u00e9n hijo de la entrevistada, desapareci\u00f3 el 26 de junio de 2020 luego de terminar su jornada laboral como mec\u00e1nico en Veracruz.<\/p>\n\n\n\n<p>Explic\u00f3 que el joven acostumbraba regresar diariamente a casa, ubicada en la zona de Los Volcanes y Acosta Lagunes, pero ese d\u00eda nunca lleg\u00f3.<\/p>\n\n\n\n<p><br>La madre se\u00f1al\u00f3 que ambas desapariciones ocurrieron en circunstancias distintas y descart\u00f3 que exista alguna relaci\u00f3n entre los casos. <\/p>\n\n\n\n<p>Aclar\u00f3 que ninguno de sus hijos acostumbraba utilizar tel\u00e9fonos celulares, por lo que las posibilidades de rastreo fueron limitadas desde el inicio de las investigaciones.<\/p>\n\n\n\n<p><br>Reconoci\u00f3 que el paso del tiempo ha sido dif\u00edcil para la familia, especialmente por la incertidumbre de no conocer qu\u00e9 ocurri\u00f3 con sus hijos. <\/p>\n\n\n\n<p>Mientras tanto, contin\u00faa participando en actividades de difusi\u00f3n y b\u00fasqueda junto a otros colectivos, confiando en que alguien pueda aportar informaci\u00f3n que permita localizarlos.<\/p>\n","protected":false},"excerpt":{"rendered":"<p>Jes\u00fas Utrilla \/ NV Noticias Desde hace m\u00e1s de una d\u00e9cada, Teresa Garc\u00eda Victorio, madre veracruzana mantiene la b\u00fasqueda de dos de sus hijos desaparecidos en hechos distintos ocurridos en Veracruz. Durante una jornada de difusi\u00f3n realizada por colectivos de b\u00fasqueda, mostr\u00f3 las fotograf\u00edas de Orel Rosas Garc\u00eda y Eduardo Rosas, quienes desaparecieron en 2015 [&hellip;]<\/p>\n","protected":false},"author":8,"featured_media":215827,"comment_status":"open","ping_status":"open","sticky":false,"template":"","format":"standard","meta":{"_monsterinsights_skip_tracking":false,"_monsterinsights_sitenote_active":false,"_monsterinsights_sitenote_note":"","_monsterinsights_sitenote_category":0,"footnotes":""},"categories":[154],"tags":[2206,950],"class_list":["post-215826","post","type-post","status-publish","format-standard","has-post-thumbnail","hentry","category-veracruz","tag-busqueda","tag-desaparecidos","wp-image-borders"],"amp_enabled":true,"_links":{"self":[{"href":"https:\/\/nvnoticias.mx\/index.php\/wp-json\/wp\/v2\/posts\/215826","targetHints":{"allow":["GET"]}}],"collection":[{"href":"https:\/\/nvnoticias.mx\/index.php\/wp-json\/wp\/v2\/posts"}],"about":[{"href":"https:\/\/nvnoticias.mx\/index.php\/wp-json\/wp\/v2\/types\/post"}],"author":[{"embeddable":true,"href":"https:\/\/nvnoticias.mx\/index.php\/wp-json\/wp\/v2\/users\/8"}],"replies":[{"embeddable":true,"href":"https:\/\/nvnoticias.mx\/index.php\/wp-json\/wp\/v2\/comments?post=215826"}],"version-history":[{"count":1,"href":"https:\/\/nvnoticias.mx\/index.php\/wp-json\/wp\/v2\/posts\/215826\/revisions"}],"predecessor-version":[{"id":215828,"href":"https:\/\/nvnoticias.mx\/index.php\/wp-json\/wp\/v2\/posts\/215826\/revisions\/215828"}],"wp:featuredmedia":[{"embeddable":true,"href":"https:\/\/nvnoticias.mx\/index.php\/wp-json\/wp\/v2\/media\/215827"}],"wp:attachment":[{"href":"https:\/\/nvnoticias.mx\/index.php\/wp-json\/wp\/v2\/media?parent=215826"}],"wp:term":[{"taxonomy":"category","embeddable":true,"href":"https:\/\/nvnoticias.mx\/index.php\/wp-json\/wp\/v2\/categories?post=215826"},{"taxonomy":"post_tag","embeddable":true,"href":"https:\/\/nvnoticias.mx\/index.php\/wp-json\/wp\/v2\/tags?post=215826"}],"curies":[{"name":"wp","href":"https:\/\/api.w.org\/{rel}","templated":true}]}}