{"id":215821,"date":"2026-04-29T14:35:24","date_gmt":"2026-04-29T20:35:24","guid":{"rendered":"https:\/\/nvnoticias.mx\/?p=215821"},"modified":"2026-04-29T14:35:32","modified_gmt":"2026-04-29T20:35:32","slug":"wtc-de-boca-del-rio-busca-posicionarse-entre-los-mayores-recintos-del-pais","status":"publish","type":"post","link":"https:\/\/nvnoticias.mx\/index.php\/2026\/04\/29\/wtc-de-boca-del-rio-busca-posicionarse-entre-los-mayores-recintos-del-pais\/","title":{"rendered":"WTC de Boca del R\u00edo busca posicionarse entre los mayores recintos del pa\u00eds"},"content":{"rendered":"\n<p><\/p>\n\n\n\n<p><strong>Sam Ojeda \/ NV Noticias<\/strong><\/p>\n\n\n\n<p>Xalapa.- La ampliaci\u00f3n del World Trade Center (WTC) de Boca del R\u00edo permitir\u00e1 que el recinto pase de 9 mil 500 a 24 mil metros cuadrados de \u00e1rea de exposici\u00f3n, con lo que se proyecta como uno de los espacios m\u00e1s grandes del pa\u00eds para albergar eventos de gran escala.<\/p>\n\n\n\n<p>El secretario de Turismo, Igor Roj\u00ed, se\u00f1al\u00f3 que este crecimiento forma parte de una de las principales apuestas del Gobierno del estado para fortalecer la infraestructura tur\u00edstica y de negocios en la zona conurbada Veracruz\u2013Boca del R\u00edo.<\/p>\n\n\n\n<p>\u201cHoy tiene cerca de 9 mil 500 metros cuadrados en \u00e1rea de exposici\u00f3n y se pretende que dentro de 13 meses, para finales de 2027 se concluya la ampliaci\u00f3n a 24 mil metros cuadrados y que nos convierta en el cuarto recinto m\u00e1s grande del pa\u00eds despu\u00e9s de Expo Guadalajara\u201d.<\/p>\n\n\n\n<p>El funcionario explic\u00f3 que el incremento en la capacidad permitir\u00e1 atraer eventos de mayor tama\u00f1o, incluidos de car\u00e1cter internacional, lo que podr\u00eda detonar una mayor derrama econ\u00f3mica en la regi\u00f3n.<\/p>\n\n\n\n<p>\u201cEso nos va a ayudar a tener eventos m\u00e1s grandes, eventos internacionales porque cabr\u00e1n eventos con dimensiones excepcionales\u201d.<\/p>\n\n\n\n<p>A\u00f1adi\u00f3 que el proyecto ha generado inter\u00e9s entre cadenas hoteleras internacionales, ante el potencial de crecimiento en la demanda de hospedaje y servicios asociados.<\/p>\n\n\n\n<p>\u201cLas cadenas internacionales de hoteles cuando escuchaban a la gobernadora, que estuvo en varias de las reuniones, dijeron que eso les interesa\u201d.<\/p>\n\n\n\n<p>De acuerdo con informaci\u00f3n oficial, la ampliaci\u00f3n del WTC tendr\u00e1 una inversi\u00f3n estimada de 900 millones de pesos y se desarrollar\u00e1 en cinco terrenos ubicados frente al complejo actual, cuatro de ellos propiedad del Gobierno del estado.&nbsp;<\/p>\n\n\n\n<p>El proyecto ser\u00e1 ejecutado de manera multianual, con trabajos durante 2026 y 2027.<\/p>\n\n\n\n<p>La intervenci\u00f3n contempla tanto la expansi\u00f3n hacia nuevos predios como la adecuaci\u00f3n del inmueble existente, con el objetivo de mantener una armon\u00eda arquitect\u00f3nica y responder a la demanda actual de eventos, que ha rebasado la capacidad del recinto.<\/p>\n\n\n\n<p><\/p>\n","protected":false},"excerpt":{"rendered":"<p>Sam Ojeda \/ NV Noticias Xalapa.- La ampliaci\u00f3n del World Trade Center (WTC) de Boca del R\u00edo permitir\u00e1 que el recinto pase de 9 mil 500 a 24 mil metros cuadrados de \u00e1rea de exposici\u00f3n, con lo que se proyecta como uno de los espacios m\u00e1s grandes del pa\u00eds para albergar eventos de gran escala. [&hellip;]<\/p>\n","protected":false},"author":8,"featured_media":203688,"comment_status":"open","ping_status":"open","sticky":false,"template":"","format":"standard","meta":{"_monsterinsights_skip_tracking":false,"_monsterinsights_sitenote_active":false,"_monsterinsights_sitenote_note":"","_monsterinsights_sitenote_category":0,"footnotes":""},"categories":[154],"tags":[423,7537],"class_list":["post-215821","post","type-post","status-publish","format-standard","has-post-thumbnail","hentry","category-veracruz","tag-boca-del-rio","tag-wtc","wp-image-borders"],"amp_enabled":true,"_links":{"self":[{"href":"https:\/\/nvnoticias.mx\/index.php\/wp-json\/wp\/v2\/posts\/215821","targetHints":{"allow":["GET"]}}],"collection":[{"href":"https:\/\/nvnoticias.mx\/index.php\/wp-json\/wp\/v2\/posts"}],"about":[{"href":"https:\/\/nvnoticias.mx\/index.php\/wp-json\/wp\/v2\/types\/post"}],"author":[{"embeddable":true,"href":"https:\/\/nvnoticias.mx\/index.php\/wp-json\/wp\/v2\/users\/8"}],"replies":[{"embeddable":true,"href":"https:\/\/nvnoticias.mx\/index.php\/wp-json\/wp\/v2\/comments?post=215821"}],"version-history":[{"count":1,"href":"https:\/\/nvnoticias.mx\/index.php\/wp-json\/wp\/v2\/posts\/215821\/revisions"}],"predecessor-version":[{"id":215822,"href":"https:\/\/nvnoticias.mx\/index.php\/wp-json\/wp\/v2\/posts\/215821\/revisions\/215822"}],"wp:featuredmedia":[{"embeddable":true,"href":"https:\/\/nvnoticias.mx\/index.php\/wp-json\/wp\/v2\/media\/203688"}],"wp:attachment":[{"href":"https:\/\/nvnoticias.mx\/index.php\/wp-json\/wp\/v2\/media?parent=215821"}],"wp:term":[{"taxonomy":"category","embeddable":true,"href":"https:\/\/nvnoticias.mx\/index.php\/wp-json\/wp\/v2\/categories?post=215821"},{"taxonomy":"post_tag","embeddable":true,"href":"https:\/\/nvnoticias.mx\/index.php\/wp-json\/wp\/v2\/tags?post=215821"}],"curies":[{"name":"wp","href":"https:\/\/api.w.org\/{rel}","templated":true}]}}