{"id":215791,"date":"2026-04-29T09:30:56","date_gmt":"2026-04-29T15:30:56","guid":{"rendered":"https:\/\/nvnoticias.mx\/?p=215791"},"modified":"2026-04-29T09:31:05","modified_gmt":"2026-04-29T15:31:05","slug":"jose-manuel-albares-llega-a-mexico-para-fortalecer-lazos","status":"publish","type":"post","link":"https:\/\/nvnoticias.mx\/index.php\/2026\/04\/29\/jose-manuel-albares-llega-a-mexico-para-fortalecer-lazos\/","title":{"rendered":"Jos\u00e9 Manuel Albares llega a M\u00e9xico para fortalecer lazos"},"content":{"rendered":"\n<p>El ministro de Asuntos Exteriores, Uni\u00f3n Europea y Cooperaci\u00f3n de Espa\u00f1a, Jos\u00e9 Manuel Albares, realiza este mi\u00e9rcoles una visita oficial a M\u00e9xico, \u00faltima escala de una gira por Am\u00e9rica Latina y el Caribe que incluy\u00f3 Puerto Rico y Rep\u00fablica Dominicana, con una agenda enfocada en fortalecer los v\u00ednculos pol\u00edticos, hist\u00f3ricos y culturales entre ambos pa\u00edses, as\u00ed como en dar seguimiento a la cooperaci\u00f3n bilateral en v\u00edsperas de la pr\u00f3xima Cumbre Iberoamericana de Madrid.<\/p>\n\n\n\n<p>Durante su estancia en el pa\u00eds, Albares tiene previsto reunirse con el secretario de Relaciones Exteriores, Roberto Velasco, con quien firmar\u00e1 el Acta de la Comisi\u00f3n Binacional Espa\u00f1a-M\u00e9xico, instrumento que, de acuerdo con el Ministerio espa\u00f1ol de Asuntos Exteriores, es \u201creflejo de la buena salud de las fraternales relaciones existentes entre ambos pa\u00edses\u201d.<\/p>\n\n\n\n<p>La firma se enmarca en una agenda m\u00e1s amplia que incluye una ofrenda floral ante la tumba del ex presidente L\u00e1zaro C\u00e1rdenas, quien dio refugio a miles de exiliados espa\u00f1oles tras la Guerra Civil, adem\u00e1s de actividades en la Universidad Nacional Aut\u00f3noma de M\u00e9xico, la C\u00e1mara de Comercio de Espa\u00f1a en M\u00e9xico y el Museo Nacional de Antropolog\u00eda.<\/p>\n\n\n\n<p>Como parte de su agenda de actividades, Albares visit\u00f3 esta ma\u00f1ana el Consulado General de Espa\u00f1a en la Ciudad de M\u00e9xico, donde sostuvo un encuentro con trabajadores consulares y destac\u00f3 que Espa\u00f1a cuenta con una de las redes consulares m\u00e1s extensas de la Uni\u00f3n Europea, con atenci\u00f3n a m\u00e1s de 3.2 millones de espa\u00f1oles que residen fuera de su pa\u00eds, de los cuales m\u00e1s de 200 mil viven en M\u00e9xico. Esa cifra, sostuvo, da cuenta de la magnitud de la relaci\u00f3n humana entre ambas naciones y del peso que tiene M\u00e9xico dentro de la pol\u00edtica exterior espa\u00f1ola.<\/p>\n\n\n\n<p>Albares puso especial \u00e9nfasis en la aplicaci\u00f3n de la Ley de Memoria Democr\u00e1tica, mediante la cual descendientes de exiliados espa\u00f1oles han podido recuperar la nacionalidad. Se\u00f1al\u00f3 que el Consulado General de Espa\u00f1a en M\u00e9xico se ubica entre los que m\u00e1s solicitudes han recibido en el mundo. \u201cOcupa el quinto lugar, casi 100 mil solicitudes\u201d, dijo, antes de precisar que en M\u00e9xico se han recibido 117 mil 226 expedientes, de los cuales 53 mil 597 han sido aprobados y 45 mil 2 inscritos ya en el registro civil consular.<\/p>\n\n\n\n<p>Fuente: La <a href=\"https:\/\/www.jornada.com.mx\/noticia\/2026\/04\/29\/politica\/jose-manuel-albares-llega-a-mexico-para-fortalecer-lazos-firmara-acta-de-comision-binacional\">Jornada<\/a> <\/p>\n","protected":false},"excerpt":{"rendered":"<p>El ministro de Asuntos Exteriores, Uni\u00f3n Europea y Cooperaci\u00f3n de Espa\u00f1a, Jos\u00e9 Manuel Albares, realiza este mi\u00e9rcoles una visita oficial a M\u00e9xico, \u00faltima escala de una gira por Am\u00e9rica Latina y el Caribe que incluy\u00f3 Puerto Rico y Rep\u00fablica Dominicana, con una agenda enfocada en fortalecer los v\u00ednculos pol\u00edticos, hist\u00f3ricos y culturales entre ambos pa\u00edses, [&hellip;]<\/p>\n","protected":false},"author":35,"featured_media":215793,"comment_status":"open","ping_status":"open","sticky":false,"template":"","format":"standard","meta":{"_monsterinsights_skip_tracking":false,"_monsterinsights_sitenote_active":false,"_monsterinsights_sitenote_note":"","_monsterinsights_sitenote_category":0,"footnotes":""},"categories":[181],"tags":[10142,292,162],"class_list":["post-215791","post","type-post","status-publish","format-standard","has-post-thumbnail","hentry","category-internacional","tag-jose-manuel-albares","tag-mexico","tag-portada","wp-image-borders"],"amp_enabled":true,"_links":{"self":[{"href":"https:\/\/nvnoticias.mx\/index.php\/wp-json\/wp\/v2\/posts\/215791","targetHints":{"allow":["GET"]}}],"collection":[{"href":"https:\/\/nvnoticias.mx\/index.php\/wp-json\/wp\/v2\/posts"}],"about":[{"href":"https:\/\/nvnoticias.mx\/index.php\/wp-json\/wp\/v2\/types\/post"}],"author":[{"embeddable":true,"href":"https:\/\/nvnoticias.mx\/index.php\/wp-json\/wp\/v2\/users\/35"}],"replies":[{"embeddable":true,"href":"https:\/\/nvnoticias.mx\/index.php\/wp-json\/wp\/v2\/comments?post=215791"}],"version-history":[{"count":2,"href":"https:\/\/nvnoticias.mx\/index.php\/wp-json\/wp\/v2\/posts\/215791\/revisions"}],"predecessor-version":[{"id":215794,"href":"https:\/\/nvnoticias.mx\/index.php\/wp-json\/wp\/v2\/posts\/215791\/revisions\/215794"}],"wp:featuredmedia":[{"embeddable":true,"href":"https:\/\/nvnoticias.mx\/index.php\/wp-json\/wp\/v2\/media\/215793"}],"wp:attachment":[{"href":"https:\/\/nvnoticias.mx\/index.php\/wp-json\/wp\/v2\/media?parent=215791"}],"wp:term":[{"taxonomy":"category","embeddable":true,"href":"https:\/\/nvnoticias.mx\/index.php\/wp-json\/wp\/v2\/categories?post=215791"},{"taxonomy":"post_tag","embeddable":true,"href":"https:\/\/nvnoticias.mx\/index.php\/wp-json\/wp\/v2\/tags?post=215791"}],"curies":[{"name":"wp","href":"https:\/\/api.w.org\/{rel}","templated":true}]}}