{"id":215785,"date":"2026-04-29T09:26:01","date_gmt":"2026-04-29T15:26:01","guid":{"rendered":"https:\/\/nvnoticias.mx\/?p=215785"},"modified":"2026-04-29T09:26:30","modified_gmt":"2026-04-29T15:26:30","slug":"gobierno-de-mexico-firma-acuerdo-para-impulsar-la-industria-siderurgica-nacional","status":"publish","type":"post","link":"https:\/\/nvnoticias.mx\/index.php\/2026\/04\/29\/gobierno-de-mexico-firma-acuerdo-para-impulsar-la-industria-siderurgica-nacional\/","title":{"rendered":"Gobierno de M\u00e9xico firma acuerdo para impulsar la industria sider\u00fargica nacional"},"content":{"rendered":"\n<p>El gobierno federal alcanz\u00f3 un acuerdo con la industria sider\u00fargica y la industria de la construcci\u00f3n con el cual se pretende incentivar la industria sider\u00fargica nacional mediante el compromiso del gobierno de incrementar las compras de acero nacional para todas las obras p\u00fablicas que est\u00e1 realizando en carreteras, trenes, infraestructura, adem\u00e1s que las C\u00e1maras Mexicana de la industria de la Construcci\u00f3n y C\u00e1mara Nacional de la Industria de Desarrollo y promoci\u00f3n de la Vivienda tambi\u00e9n adquieran en M\u00e9xico el acero que utilizan.<\/p>\n\n\n\n<p>Al respecto, la presidenta Claudia Sheinbaum asever\u00f3 que \u201ceste acuerdo entre la industria sider\u00fargica y el gobierno federal pretende potenciar la industria nacional. Se pretende que la mayor parte del acero que se utilice en las obras p\u00fablicas sea de acero producido en M\u00e9xico. y reducir la importaci\u00f3n&#8221;. Record\u00f3 que se determin\u00f3 imponer aranceles a la importaci\u00f3n de acero de pa\u00edses con los que M\u00e9xico no tiene acuerdo comercial.<\/p>\n\n\n\n<p>Fuente: La <a href=\"https:\/\/www.jornada.com.mx\/noticia\/2026\/04\/29\/politica\/gobierno-de-mexico-firma-acuerdo-para-impulsar-la-industria-siderurgica-nacional\">Jornada<\/a> <\/p>\n","protected":false},"excerpt":{"rendered":"<p>El gobierno federal alcanz\u00f3 un acuerdo con la industria sider\u00fargica y la industria de la construcci\u00f3n con el cual se pretende incentivar la industria sider\u00fargica nacional mediante el compromiso del gobierno de incrementar las compras de acero nacional para todas las obras p\u00fablicas que est\u00e1 realizando en carreteras, trenes, infraestructura, adem\u00e1s que las C\u00e1maras Mexicana [&hellip;]<\/p>\n","protected":false},"author":35,"featured_media":215787,"comment_status":"open","ping_status":"open","sticky":false,"template":"","format":"standard","meta":{"_monsterinsights_skip_tracking":false,"_monsterinsights_sitenote_active":false,"_monsterinsights_sitenote_note":"","_monsterinsights_sitenote_category":0,"footnotes":""},"categories":[157],"tags":[2801,292,162],"class_list":["post-215785","post","type-post","status-publish","format-standard","has-post-thumbnail","hentry","category-nacional","tag-claudia-sheinbaum","tag-mexico","tag-portada","wp-image-borders"],"amp_enabled":true,"_links":{"self":[{"href":"https:\/\/nvnoticias.mx\/index.php\/wp-json\/wp\/v2\/posts\/215785","targetHints":{"allow":["GET"]}}],"collection":[{"href":"https:\/\/nvnoticias.mx\/index.php\/wp-json\/wp\/v2\/posts"}],"about":[{"href":"https:\/\/nvnoticias.mx\/index.php\/wp-json\/wp\/v2\/types\/post"}],"author":[{"embeddable":true,"href":"https:\/\/nvnoticias.mx\/index.php\/wp-json\/wp\/v2\/users\/35"}],"replies":[{"embeddable":true,"href":"https:\/\/nvnoticias.mx\/index.php\/wp-json\/wp\/v2\/comments?post=215785"}],"version-history":[{"count":4,"href":"https:\/\/nvnoticias.mx\/index.php\/wp-json\/wp\/v2\/posts\/215785\/revisions"}],"predecessor-version":[{"id":215790,"href":"https:\/\/nvnoticias.mx\/index.php\/wp-json\/wp\/v2\/posts\/215785\/revisions\/215790"}],"wp:featuredmedia":[{"embeddable":true,"href":"https:\/\/nvnoticias.mx\/index.php\/wp-json\/wp\/v2\/media\/215787"}],"wp:attachment":[{"href":"https:\/\/nvnoticias.mx\/index.php\/wp-json\/wp\/v2\/media?parent=215785"}],"wp:term":[{"taxonomy":"category","embeddable":true,"href":"https:\/\/nvnoticias.mx\/index.php\/wp-json\/wp\/v2\/categories?post=215785"},{"taxonomy":"post_tag","embeddable":true,"href":"https:\/\/nvnoticias.mx\/index.php\/wp-json\/wp\/v2\/tags?post=215785"}],"curies":[{"name":"wp","href":"https:\/\/api.w.org\/{rel}","templated":true}]}}