{"id":215776,"date":"2026-04-28T14:33:32","date_gmt":"2026-04-28T20:33:32","guid":{"rendered":"https:\/\/nvnoticias.mx\/?p=215776"},"modified":"2026-04-28T14:33:40","modified_gmt":"2026-04-28T20:33:40","slug":"se-manifestaran-jubilados-el-1-de-mayo-contra-reforma-al-articulo-127-constitucional","status":"publish","type":"post","link":"https:\/\/nvnoticias.mx\/index.php\/2026\/04\/28\/se-manifestaran-jubilados-el-1-de-mayo-contra-reforma-al-articulo-127-constitucional\/","title":{"rendered":"Se manifestar\u00e1n\u00a0 jubilados el 1 de mayo contra reforma al Art\u00edculo 127 constitucional"},"content":{"rendered":"\n<p><br><strong>Jes\u00fas Utrilla \/ NV Noticias <\/strong><\/p>\n\n\n\n<p><br>En el marco de las conmemoraciones del D\u00eda del Trabajo, este 1 de mayo, jubilados y pensionados advirtieron que la defensa de sus derechos laborales sera una lucha ante los recientes ajustes que afectan sus ingresos.<\/p>\n\n\n\n<p><br>Jos\u00e9 Daza V\u00e1zquez, extrabajador de Comisi\u00f3n Federal de Electricidad, explic\u00f3 que su retiro se bas\u00f3 en un contrato formal avalado por instancias legales, pero las reformas actuales vulneran principios constitucionales, al considerar que se aplica de forma retroactiva en perjuicio de los trabajadores.<\/p>\n\n\n\n<p><br>Se\u00f1al\u00f3 que la problem\u00e1tica afecta a extrabajadores de diversas instituciones, incluyendoPemex, la Comisi\u00f3n Federal de Electricidad, Luz y Fuerza, as\u00ed como de la banca de desarrollo.<\/p>\n\n\n\n<p><br>Record\u00f3 que la Constituci\u00f3n establece que ninguna ley debe aplicarse en contra de los trabajadores, y estas modificaciones impactan directamente en su patrimonio, ya que sus ingresos estaban comprometidos para cubrir gastos b\u00e1sicos como vivienda, atenci\u00f3n m\u00e9dica y manutenci\u00f3n.<\/p>\n\n\n\n<p><br>Incluso trabajadores retirados de Petr\u00f3leos Mexicanos denunciaron que ya se han aplicado descuentos a sus pensiones, situaci\u00f3n que consideran violatoria de los acuerdos laborales establecidos tras d\u00e9cadas de servicio.<\/p>\n\n\n\n<p><br>Dijeron que seguir\u00e1n en contra de la reforma al Art\u00edculo 127 constitucional, aprobada por el Congreso y publicada en este mes de abril de 2026, que limita las pensiones de exfuncionarios p\u00fablicos.<br><\/p>\n","protected":false},"excerpt":{"rendered":"<p>Jes\u00fas Utrilla \/ NV Noticias En el marco de las conmemoraciones del D\u00eda del Trabajo, este 1 de mayo, jubilados y pensionados advirtieron que la defensa de sus derechos laborales sera una lucha ante los recientes ajustes que afectan sus ingresos. Jos\u00e9 Daza V\u00e1zquez, extrabajador de Comisi\u00f3n Federal de Electricidad, explic\u00f3 que su retiro se [&hellip;]<\/p>\n","protected":false},"author":8,"featured_media":215777,"comment_status":"open","ping_status":"open","sticky":false,"template":"","format":"standard","meta":{"_monsterinsights_skip_tracking":false,"_monsterinsights_sitenote_active":false,"_monsterinsights_sitenote_note":"","_monsterinsights_sitenote_category":0,"footnotes":""},"categories":[154],"tags":[1970,503],"class_list":["post-215776","post","type-post","status-publish","format-standard","has-post-thumbnail","hentry","category-veracruz","tag-jubilados","tag-manifestacion","wp-image-borders"],"amp_enabled":true,"_links":{"self":[{"href":"https:\/\/nvnoticias.mx\/index.php\/wp-json\/wp\/v2\/posts\/215776","targetHints":{"allow":["GET"]}}],"collection":[{"href":"https:\/\/nvnoticias.mx\/index.php\/wp-json\/wp\/v2\/posts"}],"about":[{"href":"https:\/\/nvnoticias.mx\/index.php\/wp-json\/wp\/v2\/types\/post"}],"author":[{"embeddable":true,"href":"https:\/\/nvnoticias.mx\/index.php\/wp-json\/wp\/v2\/users\/8"}],"replies":[{"embeddable":true,"href":"https:\/\/nvnoticias.mx\/index.php\/wp-json\/wp\/v2\/comments?post=215776"}],"version-history":[{"count":1,"href":"https:\/\/nvnoticias.mx\/index.php\/wp-json\/wp\/v2\/posts\/215776\/revisions"}],"predecessor-version":[{"id":215778,"href":"https:\/\/nvnoticias.mx\/index.php\/wp-json\/wp\/v2\/posts\/215776\/revisions\/215778"}],"wp:featuredmedia":[{"embeddable":true,"href":"https:\/\/nvnoticias.mx\/index.php\/wp-json\/wp\/v2\/media\/215777"}],"wp:attachment":[{"href":"https:\/\/nvnoticias.mx\/index.php\/wp-json\/wp\/v2\/media?parent=215776"}],"wp:term":[{"taxonomy":"category","embeddable":true,"href":"https:\/\/nvnoticias.mx\/index.php\/wp-json\/wp\/v2\/categories?post=215776"},{"taxonomy":"post_tag","embeddable":true,"href":"https:\/\/nvnoticias.mx\/index.php\/wp-json\/wp\/v2\/tags?post=215776"}],"curies":[{"name":"wp","href":"https:\/\/api.w.org\/{rel}","templated":true}]}}