{"id":215772,"date":"2026-04-28T14:25:58","date_gmt":"2026-04-28T20:25:58","guid":{"rendered":"https:\/\/nvnoticias.mx\/?p=215772"},"modified":"2026-04-28T14:26:06","modified_gmt":"2026-04-28T20:26:06","slug":"veracruz-apuesta-por-diversificar-turismo-con-festivales-regiones-y-nuevos-proyectos","status":"publish","type":"post","link":"https:\/\/nvnoticias.mx\/index.php\/2026\/04\/28\/veracruz-apuesta-por-diversificar-turismo-con-festivales-regiones-y-nuevos-proyectos\/","title":{"rendered":"Veracruz apuesta por diversificar turismo con festivales, regiones y nuevos proyectos"},"content":{"rendered":"\n<p><\/p>\n\n\n\n<p><strong>Sam Ojeda \/ NV Noticias<\/strong><\/p>\n\n\n\n<p>Xalapa.- Con una estrategia que combina eventos masivos, turismo regional y promoci\u00f3n de destinos naturales, el Gobierno de Veracruz busca posicionar a la entidad como un destino competitivo a nivel nacional, se\u00f1al\u00f3 la gobernadora Roc\u00edo Nahle Garc\u00eda.<\/p>\n\n\n\n<p>La mandataria indic\u00f3 que la oferta tur\u00edstica se ampl\u00eda con actividades en distintas zonas del estado, desde el norte hasta el sur, con el objetivo de atraer a p\u00fablicos diversos y distribuir la afluencia de visitantes.<\/p>\n\n\n\n<p>\u201cTenemos todo, tenemos muchos paquetes tur\u00edsticos; son cinco a\u00f1os que nos restan en la administraci\u00f3n\u201d.<\/p>\n\n\n\n<p>Entre los eventos destacados, mencion\u00f3 el MotoFest en Tecolutla, programado para finales de septiembre, que incluir\u00e1 actividades recreativas y conciertos dirigidos principalmente a j\u00f3venes.<\/p>\n\n\n\n<p>\u201cEn el norte tenemos El Taj\u00edn; en Tecolutla vamos a tener un gran evento a finales de septiembre, que es MotoFest\u201d.<\/p>\n\n\n\n<p>\u201cEs un festival que se realiza desde hace muchos a\u00f1os, entonces vamos a tener esto y en las noches habr\u00e1 conciertos de DJ\u2019s para los j\u00f3venes\u201d.<\/p>\n\n\n\n<p>A la par, destac\u00f3 la consolidaci\u00f3n de Cumbre Taj\u00edn como referente cultural y tur\u00edstico en la regi\u00f3n norte del estado.<\/p>\n\n\n\n<p>En el sur, subray\u00f3 el impulso al turismo comunitario en Los Tuxtlas, donde se busca mantener el equilibrio ambiental y potenciar la riqueza natural de la zona.<\/p>\n\n\n\n<p>\u201cSi vamos a la zona de Los Tuxtlas estamos en una promisi\u00f3n de turismo comunitario; la zona de Los Tuxtlas y Catemaco encanta, es una de las mejores zonas que podemos tener en biodiversidad\u201d.<\/p>\n\n\n\n<p>\u201cTrabajamos en otro tipo de turismo, m\u00e1s regional, para que no se nos vaya a da\u00f1ar nuestra bella zona de Los Tuxtlas\u201d.<\/p>\n\n\n\n<p>Tambi\u00e9n mencion\u00f3 acciones de promoci\u00f3n en Coatzacoalcos y Minatitl\u00e1n, donde se realizan inversiones para recuperar espacios p\u00fablicos y fortalecer la actividad tur\u00edstica.<\/p>\n\n\n\n<p>\u201cHacia abajo estamos con la promoci\u00f3n de Coatzacoalcos y Minatitl\u00e1n, donde tambi\u00e9n se est\u00e1 invirtiendo en la recuperaci\u00f3n de los espacios\u201d.<\/p>\n\n\n\n<p>Como parte de esta estrategia, agreg\u00f3 que se desarrollan obras de infraestructura para mejorar la conectividad y ampliar la oferta en la zona conurbada Veracruz-Boca del R\u00edo.<\/p>\n\n\n\n<p>\u201cEstamos haciendo infraestructura un gran puente para unir a la Riviera Veracruzana, Alvarado y Boca del R\u00edo; es decir, vamos a extender m\u00e1s el malec\u00f3n de Veracruz-Boca del R\u00edo\u201d.<\/p>\n\n\n\n<p>Finalmente, afirm\u00f3 que estas acciones forman parte de un plan de mediano plazo para consolidar la presencia tur\u00edstica del estado.<\/p>\n","protected":false},"excerpt":{"rendered":"<p>Sam Ojeda \/ NV Noticias Xalapa.- Con una estrategia que combina eventos masivos, turismo regional y promoci\u00f3n de destinos naturales, el Gobierno de Veracruz busca posicionar a la entidad como un destino competitivo a nivel nacional, se\u00f1al\u00f3 la gobernadora Roc\u00edo Nahle Garc\u00eda. La mandataria indic\u00f3 que la oferta tur\u00edstica se ampl\u00eda con actividades en distintas [&hellip;]<\/p>\n","protected":false},"author":8,"featured_media":157066,"comment_status":"open","ping_status":"open","sticky":false,"template":"","format":"standard","meta":{"_monsterinsights_skip_tracking":false,"_monsterinsights_sitenote_active":false,"_monsterinsights_sitenote_note":"","_monsterinsights_sitenote_category":0,"footnotes":""},"categories":[156],"tags":[7282,744,180],"class_list":["post-215772","post","type-post","status-publish","format-standard","has-post-thumbnail","hentry","category-estado","tag-festivales","tag-turismo","tag-veracruz","wp-image-borders"],"amp_enabled":true,"_links":{"self":[{"href":"https:\/\/nvnoticias.mx\/index.php\/wp-json\/wp\/v2\/posts\/215772","targetHints":{"allow":["GET"]}}],"collection":[{"href":"https:\/\/nvnoticias.mx\/index.php\/wp-json\/wp\/v2\/posts"}],"about":[{"href":"https:\/\/nvnoticias.mx\/index.php\/wp-json\/wp\/v2\/types\/post"}],"author":[{"embeddable":true,"href":"https:\/\/nvnoticias.mx\/index.php\/wp-json\/wp\/v2\/users\/8"}],"replies":[{"embeddable":true,"href":"https:\/\/nvnoticias.mx\/index.php\/wp-json\/wp\/v2\/comments?post=215772"}],"version-history":[{"count":1,"href":"https:\/\/nvnoticias.mx\/index.php\/wp-json\/wp\/v2\/posts\/215772\/revisions"}],"predecessor-version":[{"id":215773,"href":"https:\/\/nvnoticias.mx\/index.php\/wp-json\/wp\/v2\/posts\/215772\/revisions\/215773"}],"wp:featuredmedia":[{"embeddable":true,"href":"https:\/\/nvnoticias.mx\/index.php\/wp-json\/wp\/v2\/media\/157066"}],"wp:attachment":[{"href":"https:\/\/nvnoticias.mx\/index.php\/wp-json\/wp\/v2\/media?parent=215772"}],"wp:term":[{"taxonomy":"category","embeddable":true,"href":"https:\/\/nvnoticias.mx\/index.php\/wp-json\/wp\/v2\/categories?post=215772"},{"taxonomy":"post_tag","embeddable":true,"href":"https:\/\/nvnoticias.mx\/index.php\/wp-json\/wp\/v2\/tags?post=215772"}],"curies":[{"name":"wp","href":"https:\/\/api.w.org\/{rel}","templated":true}]}}