{"id":215769,"date":"2026-04-28T14:24:04","date_gmt":"2026-04-28T20:24:04","guid":{"rendered":"https:\/\/nvnoticias.mx\/?p=215769"},"modified":"2026-04-28T14:24:11","modified_gmt":"2026-04-28T20:24:11","slug":"por-falta-de-electricidad-vecinos-de-la-valente-diaz-bloquean-la-carretera-veracruz-xalapa","status":"publish","type":"post","link":"https:\/\/nvnoticias.mx\/index.php\/2026\/04\/28\/por-falta-de-electricidad-vecinos-de-la-valente-diaz-bloquean-la-carretera-veracruz-xalapa\/","title":{"rendered":"Por falta de electricidad vecinos de la Valente D\u00edaz, bloquean la carretera Veracruz-Xalapa"},"content":{"rendered":"\n<p><br><strong>Jes\u00fas Utrilla \/ NV Noticias <\/strong><\/p>\n\n\n\n<p><br>Habitantes de la colonia Valente D\u00edaz bloquearon la circulaci\u00f3n en el carril de sur a norte de la carretera Veracruz\u2013Xalapa, a la altura del acceso a Tejer\u00eda, en protesta por la falta de suministro el\u00e9ctrico que, aseguran, se ha prolongado durante cuatro d\u00edas consecutivos.<\/p>\n\n\n\n<p><br>Los inconformes denunciaron que la Comisi\u00f3n Federal de Electricidad no ha atendido sus reportes ni ofrecido una soluci\u00f3n clara para restablecer el servicio. <\/p>\n\n\n\n<p>Los vecinos evidenciaron las afectaciones y justificaron el cierre de la vialidad como medida de presi\u00f3n ante la falta de respuesta.<\/p>\n\n\n\n<p><br>Con pancartas y lonas, los colonos manifestaron su inconformidad y advirtieron que la situaci\u00f3n se agrava por las altas temperaturas, ya que la ausencia de energ\u00eda el\u00e9ctrica impide el uso de ventiladores y otros aparatos b\u00e1sicos. <\/p>\n\n\n\n<p>Adem\u00e1s, se\u00f1alaron que previamente han registrado constantes bajones de luz, lo que ha generado da\u00f1os en equipos el\u00e9ctricos y mayor molestia entre la poblaci\u00f3n.<\/p>\n\n\n\n<p><br>El bloqueo provoc\u00f3 severas complicaciones viales en la zona, con veh\u00edculos detenidos por varios minutos y largas filas sobre la carretera Veracruz\u2013Xalapa. <\/p>\n\n\n\n<p>Algunos automovilistas quedaron varados, mientras que otros optaron por desviarse hacia rutas alternas para continuar su trayecto.<\/p>\n","protected":false},"excerpt":{"rendered":"<p>Jes\u00fas Utrilla \/ NV Noticias Habitantes de la colonia Valente D\u00edaz bloquearon la circulaci\u00f3n en el carril de sur a norte de la carretera Veracruz\u2013Xalapa, a la altura del acceso a Tejer\u00eda, en protesta por la falta de suministro el\u00e9ctrico que, aseguran, se ha prolongado durante cuatro d\u00edas consecutivos. Los inconformes denunciaron que la Comisi\u00f3n [&hellip;]<\/p>\n","protected":false},"author":8,"featured_media":215770,"comment_status":"open","ping_status":"open","sticky":false,"template":"","format":"standard","meta":{"_monsterinsights_skip_tracking":false,"_monsterinsights_sitenote_active":false,"_monsterinsights_sitenote_note":"","_monsterinsights_sitenote_category":0,"footnotes":""},"categories":[154],"tags":[1905,951,33312],"class_list":["post-215769","post","type-post","status-publish","format-standard","has-post-thumbnail","hentry","category-veracruz","tag-bloqueo","tag-luz","tag-valente-diaz","wp-image-borders"],"amp_enabled":true,"_links":{"self":[{"href":"https:\/\/nvnoticias.mx\/index.php\/wp-json\/wp\/v2\/posts\/215769","targetHints":{"allow":["GET"]}}],"collection":[{"href":"https:\/\/nvnoticias.mx\/index.php\/wp-json\/wp\/v2\/posts"}],"about":[{"href":"https:\/\/nvnoticias.mx\/index.php\/wp-json\/wp\/v2\/types\/post"}],"author":[{"embeddable":true,"href":"https:\/\/nvnoticias.mx\/index.php\/wp-json\/wp\/v2\/users\/8"}],"replies":[{"embeddable":true,"href":"https:\/\/nvnoticias.mx\/index.php\/wp-json\/wp\/v2\/comments?post=215769"}],"version-history":[{"count":1,"href":"https:\/\/nvnoticias.mx\/index.php\/wp-json\/wp\/v2\/posts\/215769\/revisions"}],"predecessor-version":[{"id":215771,"href":"https:\/\/nvnoticias.mx\/index.php\/wp-json\/wp\/v2\/posts\/215769\/revisions\/215771"}],"wp:featuredmedia":[{"embeddable":true,"href":"https:\/\/nvnoticias.mx\/index.php\/wp-json\/wp\/v2\/media\/215770"}],"wp:attachment":[{"href":"https:\/\/nvnoticias.mx\/index.php\/wp-json\/wp\/v2\/media?parent=215769"}],"wp:term":[{"taxonomy":"category","embeddable":true,"href":"https:\/\/nvnoticias.mx\/index.php\/wp-json\/wp\/v2\/categories?post=215769"},{"taxonomy":"post_tag","embeddable":true,"href":"https:\/\/nvnoticias.mx\/index.php\/wp-json\/wp\/v2\/tags?post=215769"}],"curies":[{"name":"wp","href":"https:\/\/api.w.org\/{rel}","templated":true}]}}