{"id":215753,"date":"2026-04-28T13:31:08","date_gmt":"2026-04-28T19:31:08","guid":{"rendered":"https:\/\/nvnoticias.mx\/?p=215753"},"modified":"2026-04-28T13:31:15","modified_gmt":"2026-04-28T19:31:15","slug":"vecinos-de-la-prolongacion-hidalgo-se-manifiestan-afuera-de-cfe-en-veracruz","status":"publish","type":"post","link":"https:\/\/nvnoticias.mx\/index.php\/2026\/04\/28\/vecinos-de-la-prolongacion-hidalgo-se-manifiestan-afuera-de-cfe-en-veracruz\/","title":{"rendered":"Vecinos de la Prolongaci\u00f3n Hidalgo se manifiestan afuera de CFE en Veracruz"},"content":{"rendered":"\n<p><br><strong>Jes\u00fas Utrilla | NV Noticias<\/strong><br>Habitantes de la Prolongaci\u00f3n Hidalgo del puerto de Veracruz se manifestaron a las afueras de las oficinas de la Comisi\u00f3n Federal de Electricidad, en D\u00edaz Mir\u00f3n, para exigir la sustituci\u00f3n de un transformador, luego de reportar fallas constantes en el suministro el\u00e9ctrico desde hace casi una semana.<\/p>\n\n\n\n<p><br>Guadalupe Reyes Rodr\u00edguez, una de las afectadas, explic\u00f3 que el problema persiste pese a intervenciones previas del personal. Record\u00f3 que las altas temperaturas demandan equipos de enfriamiento, pero adem\u00e1s constantemente se quedan sin luz.<\/p>\n\n\n\n<p><\/p>\n\n\n\n<p><br>De acuerdo con los vecinos, la interrupci\u00f3n intermitente del servicio provoc\u00f3 da\u00f1os en electrodom\u00e9sticos y la p\u00e9rdida de alimentos, adem\u00e1s de complicaciones para personas vulnerables. Las afectaciones a su salud derivadas de las altas temperaturas y la falta de energ\u00eda el\u00e9ctrica.<\/p>\n\n\n\n<p><br>Los inconformes se\u00f1alaron que, al acudir a realizar reportes, la respuesta fue limitada. Indicaron que personal de la dependencia les ha pedido acudir directamente a las oficinas para gestionar el cambio del transformador, sin que hasta el momento exista una soluci\u00f3n definitiva.<\/p>\n","protected":false},"excerpt":{"rendered":"<p>Jes\u00fas Utrilla | NV NoticiasHabitantes de la Prolongaci\u00f3n Hidalgo del puerto de Veracruz se manifestaron a las afueras de las oficinas de la Comisi\u00f3n Federal de Electricidad, en D\u00edaz Mir\u00f3n, para exigir la sustituci\u00f3n de un transformador, luego de reportar fallas constantes en el suministro el\u00e9ctrico desde hace casi una semana. Guadalupe Reyes Rodr\u00edguez, una [&hellip;]<\/p>\n","protected":false},"author":35,"featured_media":215754,"comment_status":"open","ping_status":"open","sticky":false,"template":"","format":"standard","meta":{"_monsterinsights_skip_tracking":false,"_monsterinsights_sitenote_active":false,"_monsterinsights_sitenote_note":"","_monsterinsights_sitenote_category":0,"footnotes":""},"categories":[154],"tags":[821],"class_list":["post-215753","post","type-post","status-publish","format-standard","has-post-thumbnail","hentry","category-veracruz","tag-cfe","wp-image-borders"],"amp_enabled":true,"_links":{"self":[{"href":"https:\/\/nvnoticias.mx\/index.php\/wp-json\/wp\/v2\/posts\/215753","targetHints":{"allow":["GET"]}}],"collection":[{"href":"https:\/\/nvnoticias.mx\/index.php\/wp-json\/wp\/v2\/posts"}],"about":[{"href":"https:\/\/nvnoticias.mx\/index.php\/wp-json\/wp\/v2\/types\/post"}],"author":[{"embeddable":true,"href":"https:\/\/nvnoticias.mx\/index.php\/wp-json\/wp\/v2\/users\/35"}],"replies":[{"embeddable":true,"href":"https:\/\/nvnoticias.mx\/index.php\/wp-json\/wp\/v2\/comments?post=215753"}],"version-history":[{"count":1,"href":"https:\/\/nvnoticias.mx\/index.php\/wp-json\/wp\/v2\/posts\/215753\/revisions"}],"predecessor-version":[{"id":215755,"href":"https:\/\/nvnoticias.mx\/index.php\/wp-json\/wp\/v2\/posts\/215753\/revisions\/215755"}],"wp:featuredmedia":[{"embeddable":true,"href":"https:\/\/nvnoticias.mx\/index.php\/wp-json\/wp\/v2\/media\/215754"}],"wp:attachment":[{"href":"https:\/\/nvnoticias.mx\/index.php\/wp-json\/wp\/v2\/media?parent=215753"}],"wp:term":[{"taxonomy":"category","embeddable":true,"href":"https:\/\/nvnoticias.mx\/index.php\/wp-json\/wp\/v2\/categories?post=215753"},{"taxonomy":"post_tag","embeddable":true,"href":"https:\/\/nvnoticias.mx\/index.php\/wp-json\/wp\/v2\/tags?post=215753"}],"curies":[{"name":"wp","href":"https:\/\/api.w.org\/{rel}","templated":true}]}}