{"id":215748,"date":"2026-04-28T13:29:33","date_gmt":"2026-04-28T19:29:33","guid":{"rendered":"https:\/\/nvnoticias.mx\/?p=215748"},"modified":"2026-04-28T13:29:41","modified_gmt":"2026-04-28T19:29:41","slug":"mier-acusa-crisis-institucional-en-chihuahua-por-ausencia-de-maru-campos-en-el-senado","status":"publish","type":"post","link":"https:\/\/nvnoticias.mx\/index.php\/2026\/04\/28\/mier-acusa-crisis-institucional-en-chihuahua-por-ausencia-de-maru-campos-en-el-senado\/","title":{"rendered":"Mier acusa &#8220;crisis institucional&#8221; en Chihuahua por ausencia de Maru Campos en el Senado"},"content":{"rendered":"\n<p>El presidente de la Junta de Coordinaci\u00f3n Pol\u00edtica del Senado, Ignacio Mier, deplor\u00f3 que la gobernadora de Chihuahua, Mar\u00eda Eugenia Campos, haya difundido, primero en algunos medios de comunicaci\u00f3n que no asistir\u00eda a la reuni\u00f3n a la que fue invitada, sin notificarlo previamente a esa c\u00e1mara del congreso.<\/p>\n\n\n\n<p>Es una ilegalidad m\u00e1s, dijo que refleja una \u201c brutal, crisis institucional \u201cen Chihuahua.<\/p>\n\n\n\n<p>\u201cMe enter\u00e9 por los medios de comunicaci\u00f3n que dec\u00eda que no le da cuentas al Senado. Pues es otra ilegalidad, es otro problema institucional\u201d.<\/p>\n\n\n\n<p>Pese a que la gobernadora no asistir\u00e1, de cualquier manera las comisiones de Puntos Constitucionales y de Seguridad Nacional llevar\u00e1n a cabo la reuni\u00f3n prevista hoy a las 11 horas.<\/p>\n\n\n\n<p>La propuesta los legisladores de Morena es crear una comisi\u00f3n especial de investigaci\u00f3n del Senado, que coadyuve con la Fiscal\u00eda General de la Rep\u00fablica (FGR), para dilucidar el caso de los dos agentes de la CIA, a quienes el gobierno de Mar\u00eda Eugenia Campos les permiti\u00f3 participar en un operativo contra el narcotr\u00e1fico, en esa entidad.<\/p>\n\n\n\n<p>El senador Mier, considero que \u201cvan de tonter\u00eda tonter\u00eda. Yo no s\u00e9 qui\u00e9n est\u00e1 asesorando al gobierno del estado, pero no es una actitud sensata, apegada a la ley y a la prudencia pol\u00edtica.\u201d<\/p>\n\n\n\n<p>Previo a iniciar una reuni\u00f3n de la Jucopo, Mier reiter\u00f3 que el Senado no hab\u00eda sido notificado formalmente de que Campos no asistir\u00eda a la reuni\u00f3n de trabajo a la que fue convocada.<\/p>\n\n\n\n<p>C\u00edrculo una carta de la gobernadora, pero dirigida a la secretaria de la mesa directiva del Senado, la morenista, Martina Kantun, en la que Campos argumenta que no puede ir, porque podr\u00eda comprometer informaci\u00f3n confidencial y afectar el curso de las investigaciones.<\/p>\n\n\n\n<p>Es decir, ni siquiera lo dirigi\u00f3 a la presidenta del Senado, Laura, Itzel Castillo o al titular de la Jucopo, Ignacio Mier.<\/p>\n\n\n\n<p>Fuente: La <a href=\"https:\/\/www.jornada.com.mx\/noticia\/2026\/04\/28\/politica\/mier-acusa-crisis-institucional-en-chihuahua-por-ausencia-de-maru-campos-en-el-senado\">Jornada<\/a><\/p>\n","protected":false},"excerpt":{"rendered":"<p>El presidente de la Junta de Coordinaci\u00f3n Pol\u00edtica del Senado, Ignacio Mier, deplor\u00f3 que la gobernadora de Chihuahua, Mar\u00eda Eugenia Campos, haya difundido, primero en algunos medios de comunicaci\u00f3n que no asistir\u00eda a la reuni\u00f3n a la que fue invitada, sin notificarlo previamente a esa c\u00e1mara del congreso. Es una ilegalidad m\u00e1s, dijo que refleja [&hellip;]<\/p>\n","protected":false},"author":35,"featured_media":215749,"comment_status":"open","ping_status":"open","sticky":false,"template":"","format":"standard","meta":{"_monsterinsights_skip_tracking":false,"_monsterinsights_sitenote_active":false,"_monsterinsights_sitenote_note":"","_monsterinsights_sitenote_category":0,"footnotes":""},"categories":[158],"tags":[2758],"class_list":["post-215748","post","type-post","status-publish","format-standard","has-post-thumbnail","hentry","category-politica","tag-maru-campos","wp-image-borders"],"amp_enabled":true,"_links":{"self":[{"href":"https:\/\/nvnoticias.mx\/index.php\/wp-json\/wp\/v2\/posts\/215748","targetHints":{"allow":["GET"]}}],"collection":[{"href":"https:\/\/nvnoticias.mx\/index.php\/wp-json\/wp\/v2\/posts"}],"about":[{"href":"https:\/\/nvnoticias.mx\/index.php\/wp-json\/wp\/v2\/types\/post"}],"author":[{"embeddable":true,"href":"https:\/\/nvnoticias.mx\/index.php\/wp-json\/wp\/v2\/users\/35"}],"replies":[{"embeddable":true,"href":"https:\/\/nvnoticias.mx\/index.php\/wp-json\/wp\/v2\/comments?post=215748"}],"version-history":[{"count":3,"href":"https:\/\/nvnoticias.mx\/index.php\/wp-json\/wp\/v2\/posts\/215748\/revisions"}],"predecessor-version":[{"id":215752,"href":"https:\/\/nvnoticias.mx\/index.php\/wp-json\/wp\/v2\/posts\/215748\/revisions\/215752"}],"wp:featuredmedia":[{"embeddable":true,"href":"https:\/\/nvnoticias.mx\/index.php\/wp-json\/wp\/v2\/media\/215749"}],"wp:attachment":[{"href":"https:\/\/nvnoticias.mx\/index.php\/wp-json\/wp\/v2\/media?parent=215748"}],"wp:term":[{"taxonomy":"category","embeddable":true,"href":"https:\/\/nvnoticias.mx\/index.php\/wp-json\/wp\/v2\/categories?post=215748"},{"taxonomy":"post_tag","embeddable":true,"href":"https:\/\/nvnoticias.mx\/index.php\/wp-json\/wp\/v2\/tags?post=215748"}],"curies":[{"name":"wp","href":"https:\/\/api.w.org\/{rel}","templated":true}]}}