{"id":215735,"date":"2026-04-28T10:15:03","date_gmt":"2026-04-28T16:15:03","guid":{"rendered":"https:\/\/nvnoticias.mx\/?p=215735"},"modified":"2026-04-28T10:15:13","modified_gmt":"2026-04-28T16:15:13","slug":"sheinbaum-envia-mensaje-a-milei-sobre-situacion-legal-de-fernando-n","status":"publish","type":"post","link":"https:\/\/nvnoticias.mx\/index.php\/2026\/04\/28\/sheinbaum-envia-mensaje-a-milei-sobre-situacion-legal-de-fernando-n\/","title":{"rendered":"Sheinbaum env\u00eda mensaje a Milei sobre situaci\u00f3n legal de Fernando \u2018N\u2019"},"content":{"rendered":"\n<p>Respecto al caso de\u00a0Fernando \u2018N\u2019, presunto miembro de una red de contrabando de combustible, detenido en Argentina, la presidenta Claudia Sheinbaum coment\u00f3 que espera que este se vuelva un tema pol\u00edtico entre los gobiernos.<\/p>\n\n\n\n<p>Envi\u00f3 un mensaje a su hom\u00f3logo argentino para atender la extradici\u00f3n o deportaci\u00f3n de Fernando \u2018N\u2019, seg\u00fan el proceso legal que se inicie.<\/p>\n\n\n\n<p>\u201cEs una persona que est\u00e1 siendo investigada, tiene una orden de aprehensi\u00f3n y que en el marco de colaboraci\u00f3n que se tiene en materia de justicia y seguridad es importante que se extradite o se deporte\u201d, dijo en la ma\u00f1anera.<\/p>\n\n\n\n<p>Fuente: El <a href=\"https:\/\/www.elfinanciero.com.mx\/nacional\/2026\/04\/28\/claudia-sheinbaum-mananera-temas-hoy-28-de-abril-de-2026-en-vivo\/\">Financiero<\/a><\/p>\n","protected":false},"excerpt":{"rendered":"<p>Respecto al caso de\u00a0Fernando \u2018N\u2019, presunto miembro de una red de contrabando de combustible, detenido en Argentina, la presidenta Claudia Sheinbaum coment\u00f3 que espera que este se vuelva un tema pol\u00edtico entre los gobiernos. Envi\u00f3 un mensaje a su hom\u00f3logo argentino para atender la extradici\u00f3n o deportaci\u00f3n de Fernando \u2018N\u2019, seg\u00fan el proceso legal que [&hellip;]<\/p>\n","protected":false},"author":35,"featured_media":166614,"comment_status":"open","ping_status":"open","sticky":false,"template":"","format":"standard","meta":{"_monsterinsights_skip_tracking":false,"_monsterinsights_sitenote_active":false,"_monsterinsights_sitenote_note":"","_monsterinsights_sitenote_category":0,"footnotes":""},"categories":[158],"tags":[2801,27223,162],"class_list":["post-215735","post","type-post","status-publish","format-standard","has-post-thumbnail","hentry","category-politica","tag-claudia-sheinbaum","tag-javier-milei","tag-portada","wp-image-borders"],"amp_enabled":true,"_links":{"self":[{"href":"https:\/\/nvnoticias.mx\/index.php\/wp-json\/wp\/v2\/posts\/215735","targetHints":{"allow":["GET"]}}],"collection":[{"href":"https:\/\/nvnoticias.mx\/index.php\/wp-json\/wp\/v2\/posts"}],"about":[{"href":"https:\/\/nvnoticias.mx\/index.php\/wp-json\/wp\/v2\/types\/post"}],"author":[{"embeddable":true,"href":"https:\/\/nvnoticias.mx\/index.php\/wp-json\/wp\/v2\/users\/35"}],"replies":[{"embeddable":true,"href":"https:\/\/nvnoticias.mx\/index.php\/wp-json\/wp\/v2\/comments?post=215735"}],"version-history":[{"count":3,"href":"https:\/\/nvnoticias.mx\/index.php\/wp-json\/wp\/v2\/posts\/215735\/revisions"}],"predecessor-version":[{"id":215738,"href":"https:\/\/nvnoticias.mx\/index.php\/wp-json\/wp\/v2\/posts\/215735\/revisions\/215738"}],"wp:featuredmedia":[{"embeddable":true,"href":"https:\/\/nvnoticias.mx\/index.php\/wp-json\/wp\/v2\/media\/166614"}],"wp:attachment":[{"href":"https:\/\/nvnoticias.mx\/index.php\/wp-json\/wp\/v2\/media?parent=215735"}],"wp:term":[{"taxonomy":"category","embeddable":true,"href":"https:\/\/nvnoticias.mx\/index.php\/wp-json\/wp\/v2\/categories?post=215735"},{"taxonomy":"post_tag","embeddable":true,"href":"https:\/\/nvnoticias.mx\/index.php\/wp-json\/wp\/v2\/tags?post=215735"}],"curies":[{"name":"wp","href":"https:\/\/api.w.org\/{rel}","templated":true}]}}