{"id":215722,"date":"2026-04-28T09:48:24","date_gmt":"2026-04-28T15:48:24","guid":{"rendered":"https:\/\/nvnoticias.mx\/?p=215722"},"modified":"2026-04-28T09:48:32","modified_gmt":"2026-04-28T15:48:32","slug":"stps-e-imss-destacan-aumento-de-422-mil-personas-ocupadas","status":"publish","type":"post","link":"https:\/\/nvnoticias.mx\/index.php\/2026\/04\/28\/stps-e-imss-destacan-aumento-de-422-mil-personas-ocupadas\/","title":{"rendered":"STPS e IMSS destacan aumento de 422 mil personas ocupadas"},"content":{"rendered":"\n<p>La Secretar\u00eda del Trabajo y Previsi\u00f3n Social (STPS), y el Instituto Mexicano del Seguro Social (IMSS), afirmaron que en el primer trimestre del a\u00f1o hay un incremento de 422 mil personas con ocupaci\u00f3n laboral comparado con el mismo periodo del a\u00f1o pasado, y afirmaron que en empleo formal hubo un repunte en el mes de marzo.&nbsp;<\/p>\n\n\n\n<p>Tras presentar las estad\u00edsticas en esta materia en la conferencia de prensa diaria en Palacio Nacional, la presidenta, Claudia Sheinbaum Pardo, sintetiz\u00f3: \u201c422 mil empleos m\u00e1s, entre (el periodo) enero-marzo de 2025, (comparado con) el de enero-marzo del 2026. Marzo de 2026; el marzo de mayor n\u00famero de empleos formales de la historia\u201d.\u00a0<br><\/p>\n\n\n\n<p>A su vez, Marath Baruch Bola\u00f1os, titular de la STPS, afirm\u00f3 que de acuerdo con la Encuesta Nacional de Ocupaci\u00f3n y Empleo (ENOE), en marzo del presente a\u00f1o 60.2 millones de personas estaban ocupadas en el pa\u00eds. Indic\u00f3 que la medici\u00f3n que se debe comparar es con los mismos meses o periodo de a\u00f1os anteriores, lo que, insisti\u00f3, deja un saldo de 422 mil personas m\u00e1s con una ocupaci\u00f3n al compararlo con el a\u00f1o previo.&nbsp;<\/p>\n\n\n\n<p>Destac\u00f3 que M\u00e9xico registra una de las tasas de desocupaci\u00f3n m\u00e1s bajas de la OCDE producto, dijo, \u201cde una econom\u00eda que sigue ofreciendo oportunidades\u201d.&nbsp;<\/p>\n\n\n\n<p>Tambi\u00e9n refiri\u00f3 que la tasa de desocupaci\u00f3n se ubic\u00f3 en 2.7 por ciento en enero, y en marzo alcanz\u00f3 el 2.4 por ciento, \u201ccon una reducci\u00f3n sostenida\u201d.&nbsp;<\/p>\n\n\n\n<p>En tanto, \u201cactualmente la pobreza laboral se encuentra en su punto m\u00e1s bajo desde que se tiene registro\u201d. Desde enero de 2019 se han creado 6.9 millones de empleos, de los que 4 millones son empleos formales.\u00a0<br><\/p>\n\n\n\n<p>Fuente: La <a href=\"https:\/\/www.jornada.com.mx\/noticia\/2026\/04\/28\/economia\/stps-e-imss-destacan-aumento-de-422-mil-personas-ocupadas-repunta-empleo-formal-en-marzo\">Jornada<\/a><br><\/p>\n","protected":false},"excerpt":{"rendered":"<p>La Secretar\u00eda del Trabajo y Previsi\u00f3n Social (STPS), y el Instituto Mexicano del Seguro Social (IMSS), afirmaron que en el primer trimestre del a\u00f1o hay un incremento de 422 mil personas con ocupaci\u00f3n laboral comparado con el mismo periodo del a\u00f1o pasado, y afirmaron que en empleo formal hubo un repunte en el mes de [&hellip;]<\/p>\n","protected":false},"author":35,"featured_media":215723,"comment_status":"open","ping_status":"open","sticky":false,"template":"","format":"standard","meta":{"_monsterinsights_skip_tracking":false,"_monsterinsights_sitenote_active":false,"_monsterinsights_sitenote_note":"","_monsterinsights_sitenote_category":0,"footnotes":""},"categories":[157],"tags":[365],"class_list":["post-215722","post","type-post","status-publish","format-standard","has-post-thumbnail","hentry","category-nacional","tag-imss","wp-image-borders"],"amp_enabled":true,"_links":{"self":[{"href":"https:\/\/nvnoticias.mx\/index.php\/wp-json\/wp\/v2\/posts\/215722","targetHints":{"allow":["GET"]}}],"collection":[{"href":"https:\/\/nvnoticias.mx\/index.php\/wp-json\/wp\/v2\/posts"}],"about":[{"href":"https:\/\/nvnoticias.mx\/index.php\/wp-json\/wp\/v2\/types\/post"}],"author":[{"embeddable":true,"href":"https:\/\/nvnoticias.mx\/index.php\/wp-json\/wp\/v2\/users\/35"}],"replies":[{"embeddable":true,"href":"https:\/\/nvnoticias.mx\/index.php\/wp-json\/wp\/v2\/comments?post=215722"}],"version-history":[{"count":4,"href":"https:\/\/nvnoticias.mx\/index.php\/wp-json\/wp\/v2\/posts\/215722\/revisions"}],"predecessor-version":[{"id":215727,"href":"https:\/\/nvnoticias.mx\/index.php\/wp-json\/wp\/v2\/posts\/215722\/revisions\/215727"}],"wp:featuredmedia":[{"embeddable":true,"href":"https:\/\/nvnoticias.mx\/index.php\/wp-json\/wp\/v2\/media\/215723"}],"wp:attachment":[{"href":"https:\/\/nvnoticias.mx\/index.php\/wp-json\/wp\/v2\/media?parent=215722"}],"wp:term":[{"taxonomy":"category","embeddable":true,"href":"https:\/\/nvnoticias.mx\/index.php\/wp-json\/wp\/v2\/categories?post=215722"},{"taxonomy":"post_tag","embeddable":true,"href":"https:\/\/nvnoticias.mx\/index.php\/wp-json\/wp\/v2\/tags?post=215722"}],"curies":[{"name":"wp","href":"https:\/\/api.w.org\/{rel}","templated":true}]}}