{"id":215718,"date":"2026-04-28T09:45:15","date_gmt":"2026-04-28T15:45:15","guid":{"rendered":"https:\/\/nvnoticias.mx\/?p=215718"},"modified":"2026-04-28T09:45:22","modified_gmt":"2026-04-28T15:45:22","slug":"sheinbaum-proyecta-a-buenavista-como-principal-terminal-ferroviaria-en-el-centro-del-pais","status":"publish","type":"post","link":"https:\/\/nvnoticias.mx\/index.php\/2026\/04\/28\/sheinbaum-proyecta-a-buenavista-como-principal-terminal-ferroviaria-en-el-centro-del-pais\/","title":{"rendered":"Sheinbaum proyecta a Buenavista como principal terminal ferroviaria en el centro del pa\u00eds"},"content":{"rendered":"\n<p>La presidenta, Claudia Sheinbaum, anunci\u00f3 que la terminal ferroviaria en Buenavista tendr\u00e1 una remodelaci\u00f3n mayor porque no solamente ser\u00e1 la terminal para las rutas de tren Cuautitl\u00e1n-Buenavista y Aeropuerto Internacional Felipe \u00c1ngeles-Buenavista, sino que tambi\u00e9n ser\u00e1 la terminal para todas las rutas que se est\u00e1n construyendo hacia Quer\u00e9taro y Pachuca.<\/p>\n\n\n\n<p>En breve referencia, dijo que al gobierno adquirir el Tren Suburbano que operar\u00e1 el Fondo Nacional de Infraestructura, se abocar\u00e1 a revisar todos los contratos que tiene esa empresa, ahora p\u00fablica, asociados, a fin de verificar su cumplimiento y legalidad.<\/p>\n\n\n\n<p>Fuente: La <a href=\"https:\/\/www.jornada.com.mx\/noticia\/2026\/04\/28\/politica\/sheinbaum-proyecta-a-buenavista-como-principal-terminal-ferroviaria-del-centro-del-pais\">Jornada<\/a><\/p>\n","protected":false},"excerpt":{"rendered":"<p>La presidenta, Claudia Sheinbaum, anunci\u00f3 que la terminal ferroviaria en Buenavista tendr\u00e1 una remodelaci\u00f3n mayor porque no solamente ser\u00e1 la terminal para las rutas de tren Cuautitl\u00e1n-Buenavista y Aeropuerto Internacional Felipe \u00c1ngeles-Buenavista, sino que tambi\u00e9n ser\u00e1 la terminal para todas las rutas que se est\u00e1n construyendo hacia Quer\u00e9taro y Pachuca. En breve referencia, dijo que [&hellip;]<\/p>\n","protected":false},"author":35,"featured_media":215719,"comment_status":"open","ping_status":"open","sticky":false,"template":"","format":"standard","meta":{"_monsterinsights_skip_tracking":false,"_monsterinsights_sitenote_active":false,"_monsterinsights_sitenote_note":"","_monsterinsights_sitenote_category":0,"footnotes":""},"categories":[157],"tags":[2801],"class_list":["post-215718","post","type-post","status-publish","format-standard","has-post-thumbnail","hentry","category-nacional","tag-claudia-sheinbaum","wp-image-borders"],"amp_enabled":true,"_links":{"self":[{"href":"https:\/\/nvnoticias.mx\/index.php\/wp-json\/wp\/v2\/posts\/215718","targetHints":{"allow":["GET"]}}],"collection":[{"href":"https:\/\/nvnoticias.mx\/index.php\/wp-json\/wp\/v2\/posts"}],"about":[{"href":"https:\/\/nvnoticias.mx\/index.php\/wp-json\/wp\/v2\/types\/post"}],"author":[{"embeddable":true,"href":"https:\/\/nvnoticias.mx\/index.php\/wp-json\/wp\/v2\/users\/35"}],"replies":[{"embeddable":true,"href":"https:\/\/nvnoticias.mx\/index.php\/wp-json\/wp\/v2\/comments?post=215718"}],"version-history":[{"count":2,"href":"https:\/\/nvnoticias.mx\/index.php\/wp-json\/wp\/v2\/posts\/215718\/revisions"}],"predecessor-version":[{"id":215721,"href":"https:\/\/nvnoticias.mx\/index.php\/wp-json\/wp\/v2\/posts\/215718\/revisions\/215721"}],"wp:featuredmedia":[{"embeddable":true,"href":"https:\/\/nvnoticias.mx\/index.php\/wp-json\/wp\/v2\/media\/215719"}],"wp:attachment":[{"href":"https:\/\/nvnoticias.mx\/index.php\/wp-json\/wp\/v2\/media?parent=215718"}],"wp:term":[{"taxonomy":"category","embeddable":true,"href":"https:\/\/nvnoticias.mx\/index.php\/wp-json\/wp\/v2\/categories?post=215718"},{"taxonomy":"post_tag","embeddable":true,"href":"https:\/\/nvnoticias.mx\/index.php\/wp-json\/wp\/v2\/tags?post=215718"}],"curies":[{"name":"wp","href":"https:\/\/api.w.org\/{rel}","templated":true}]}}