{"id":215716,"date":"2026-04-28T08:06:59","date_gmt":"2026-04-28T14:06:59","guid":{"rendered":"https:\/\/nvnoticias.mx\/?p=215716"},"modified":"2026-04-28T08:07:05","modified_gmt":"2026-04-28T14:07:05","slug":"bienvenidos-calores-adios-bajas-temperaturas","status":"publish","type":"post","link":"https:\/\/nvnoticias.mx\/index.php\/2026\/04\/28\/bienvenidos-calores-adios-bajas-temperaturas\/","title":{"rendered":"Bienvenidos calores; adi\u00f3s bajas temperaturas"},"content":{"rendered":"\n<p><\/p>\n\n\n\n<p>CAF\u00c9 DE MA\u00d1ANA<br><strong>Por Jos\u00e9 Luis Enr\u00edquez Ambell<\/strong><\/p>\n\n\n\n<p>Los frentes fr\u00edos se ausentar\u00e1n en unos d\u00edas, con la llegada de temperaturas altas &#8211; calores &#8211; y con los incendios forestales que se har\u00e1n presentes, y estos impactos habr\u00e1n de provocar la posibilidad de destrucci\u00f3n de ecosistemas y la degradaci\u00f3n del suelo, as\u00ed como una mala calidad del aire y el aumento de los riesgos a la salud humana y animal.<\/p>\n\n\n\n<p>Es inevitable aceptar que todo el cambio clim\u00e1tico intensifica estos fen\u00f3menos, aumentando la frecuencia de incendios y la inestabilidad atmosf\u00e9rica, esto a decir de especialistas.<\/p>\n\n\n\n<p>Las consecuencias de estos cambios impactan primero en la salud humana, generando deshidrataci\u00f3n, golpes de calor e infartos, mientras que desde el factor &#8220;humo&#8221; por incendios forestales deteriora la calidad del aire, causando problemas respiratorios severos en la mayor\u00eda de las veces.<\/p>\n\n\n\n<p>Cabe decir que los incendios forestales destruyen la flora y la fauna, provocando p\u00e9rdidas en la biodiversidad, y adem\u00e1s da\u00f1an la estructura del suelo al reducir su capacidad de absorci\u00f3n de agua y nutrientes vitales.<\/p>\n\n\n\n<p>La interacci\u00f3n de factores es clara: los frentes fr\u00edos traen vientos fuertes que avivan los incendios, mientras que la masa de aire c\u00e1lida y seca previa al frente aumenta el riesgo entre la poblaci\u00f3n. Esto incluso da\u00f1a la infraestructura de servicios por la ca\u00edda de \u00e1rboles, cortes de energ\u00eda y la quema de pastizales, entre otros efectos.<\/p>\n\n\n\n<p>Por ello, las autoridades de los tres niveles de gobierno &#8211; muy en especial la Secreta de Protecci\u00f3n Civil de Veracruz &#8211; recomiendan asumir medidas preventivas como no realizar fogatas en d\u00edas secos o con viento y tratar de extinguir completamente cualquier fuente de fuego con agua y tierra.<\/p>\n\n\n\n<p>Tambi\u00e9n se sugiere evitar la exposici\u00f3n prolongada al sol durante olas de calor, mantenerse hidratado y proteger a grupos vulnerables, especialmente a los menores de edad, adultos mayores y personas con enfermedades cr\u00f3nicas.<\/p>\n\n\n\n<p>As\u00ed pues, ante la temporada de calor y olas de calor en nuestra entidad, autoridades de la SPC (Secretar\u00eda de Protecci\u00f3n Civil) y del Sector Salud, advierten y recomiendan el hidratarse constantemente con agua, evitar exponerse al sol entre las 11:00 y 16:00 horas, usar ropa clara y ligera, y protegerse a los grupos vulnerables (ni\u00f1os y adultos mayores).<\/p>\n\n\n\n<p>Ambos sectores de gobierno, exhortan a prevenir los golpes de calor y las enfermedades gastrointestinales por la r\u00e1pida descomposici\u00f3n de alimentos, entre otros tipos de riesgos.<\/p>\n\n\n\n<p>DE SOBREMESA<\/p>\n\n\n\n<p>El gabinete de la Gobernadora Roc\u00edo Nahle habr\u00e1 de seguir en constante evaluaci\u00f3n y revisi\u00f3n.<\/p>\n\n\n\n<p>\u201cEl que avisa no enga\u00f1a\u201d, pues el 1 de diciembre de 2024, al asumir el Poder Ejecutivo en Veracruz, Roc\u00edo Nahle fue clara al advertir que todo su gabinete estar\u00eda bajo una evaluaci\u00f3n permanente para garantizar resultados, eficiencia y compromiso en favor de la poblaci\u00f3n.<\/p>\n\n\n\n<p>No fue casual que en enero de 2025, durante una gira de trabajo dentro de los primeros cien d\u00edas de gobierno, se\u00f1alara que recib\u00eda quejas sobre algunos servidores p\u00fablicos, lo que le indicaba que algo no estaba funcionando de manera correcta.<\/p>\n\n\n\n<p>En el primer tercio de su primer a\u00f1o de gobierno acept\u00f3 que habr\u00eda cambios, y as\u00ed ocurri\u00f3 con la Secretar\u00eda de Turismo, donde \u201cNena\u201d de la Reguera fue relevada por Igor Roj\u00ed, quien dej\u00f3 su curul para incorporarse al Ejecutivo.<\/p>\n\n\n\n<p>Desde un inicio, Roc\u00edo Nahle ha mantenido una clara revisi\u00f3n continua para fortalecer su administraci\u00f3n. En su momento expres\u00f3: \u201cQuien no pueda o no quiera, ni modo\u201d, dejando claro que habr\u00e1 ajustes para quienes no cumplan expectativas, aunque tambi\u00e9n reconociendo trayectorias y reubicando perfiles en otros espacios institucionales.<\/p>\n\n\n\n<p>Nahle ha promovido un gabinete legal y ampliado paritario, con mujeres y hombres de perfiles t\u00e9cnicos y pol\u00edticos s\u00f3lidos, a quienes ha exhortado a trabajar con transparencia, responsabilidad y cercan\u00eda con la poblaci\u00f3n.<\/p>\n\n\n\n<p>UN CAF\u00c9 LECHERO LIGHT<\/p>\n\n\n\n<p>En ese sentido, en la SIOP hay qui\u00e9nes aseguran ya se detalla el borrador del proceso entrega recepci\u00f3n para el relevo del Ing. V\u00edctor David Palacios, de qui\u00e9n se dice deja la Subsecretaria de Obras P\u00fablicas y Comunicaciones y la llegada del actual Subsecretario de Administraci\u00f3n y Finanzas, el Ing. H\u00e9ctor Ruiz a esa \u00e1rea, y todo con la fecha del d\u00eda \u00faltimo de este mes de abril o sea, de resultar verdad el rumor, pues no tardando.<\/p>\n\n\n\n<p>Y el director para el an\u00e1lisis de mercado, C.P. Jos\u00e9 Fel\u00edcito G\u00f3mez Moral y el director de administraci\u00f3n y servicios, Dr. Arturo Garc\u00eda M\u00e1rquez, ser\u00eda uno de ellos quien relevase a H\u00e9ctor Ru\u00edz, seg\u00fan radio pasillo y radio bemba de la SIOP.<\/p>\n\n\n\n<p>\u00a1ES CUANTO!<\/p>\n\n\n\n<p>enriquezambell@gmail.com;<br>enamjl62@gmail.com<\/p>\n","protected":false},"excerpt":{"rendered":"<p>CAF\u00c9 DE MA\u00d1ANAPor Jos\u00e9 Luis Enr\u00edquez Ambell Los frentes fr\u00edos se ausentar\u00e1n en unos d\u00edas, con la llegada de temperaturas altas &#8211; calores &#8211; y con los incendios forestales que se har\u00e1n presentes, y estos impactos habr\u00e1n de provocar la posibilidad de destrucci\u00f3n de ecosistemas y la degradaci\u00f3n del suelo, as\u00ed como una mala calidad [&hellip;]<\/p>\n","protected":false},"author":46,"featured_media":215504,"comment_status":"open","ping_status":"open","sticky":false,"template":"","format":"standard","meta":{"_monsterinsights_skip_tracking":false,"_monsterinsights_sitenote_active":false,"_monsterinsights_sitenote_note":"","_monsterinsights_sitenote_category":0,"footnotes":""},"categories":[18007],"tags":[18008],"class_list":["post-215716","post","type-post","status-publish","format-standard","has-post-thumbnail","hentry","category-cafe-de-manana","tag-jose-luis-enriquez-ambell","wp-image-borders"],"amp_enabled":true,"_links":{"self":[{"href":"https:\/\/nvnoticias.mx\/index.php\/wp-json\/wp\/v2\/posts\/215716","targetHints":{"allow":["GET"]}}],"collection":[{"href":"https:\/\/nvnoticias.mx\/index.php\/wp-json\/wp\/v2\/posts"}],"about":[{"href":"https:\/\/nvnoticias.mx\/index.php\/wp-json\/wp\/v2\/types\/post"}],"author":[{"embeddable":true,"href":"https:\/\/nvnoticias.mx\/index.php\/wp-json\/wp\/v2\/users\/46"}],"replies":[{"embeddable":true,"href":"https:\/\/nvnoticias.mx\/index.php\/wp-json\/wp\/v2\/comments?post=215716"}],"version-history":[{"count":1,"href":"https:\/\/nvnoticias.mx\/index.php\/wp-json\/wp\/v2\/posts\/215716\/revisions"}],"predecessor-version":[{"id":215717,"href":"https:\/\/nvnoticias.mx\/index.php\/wp-json\/wp\/v2\/posts\/215716\/revisions\/215717"}],"wp:featuredmedia":[{"embeddable":true,"href":"https:\/\/nvnoticias.mx\/index.php\/wp-json\/wp\/v2\/media\/215504"}],"wp:attachment":[{"href":"https:\/\/nvnoticias.mx\/index.php\/wp-json\/wp\/v2\/media?parent=215716"}],"wp:term":[{"taxonomy":"category","embeddable":true,"href":"https:\/\/nvnoticias.mx\/index.php\/wp-json\/wp\/v2\/categories?post=215716"},{"taxonomy":"post_tag","embeddable":true,"href":"https:\/\/nvnoticias.mx\/index.php\/wp-json\/wp\/v2\/tags?post=215716"}],"curies":[{"name":"wp","href":"https:\/\/api.w.org\/{rel}","templated":true}]}}